{"id":8704,"date":"2021-01-14T12:09:35","date_gmt":"2021-01-14T11:09:35","guid":{"rendered":"https:\/\/www.ilcf.net\/?p=8704"},"modified":"2021-01-14T12:39:05","modified_gmt":"2021-01-14T11:39:05","slug":"ilcf-propone-a-sus-estudiantes-un-aprendizaje-del-idioma-frances-a-traves-del-street-art-festival-peinture-fraiche","status":"publish","type":"post","link":"https:\/\/www.ilcf.net\/es\/ilcf-propone-a-sus-estudiantes-un-aprendizaje-del-idioma-frances-a-traves-del-street-art-festival-peinture-fraiche\/","title":{"rendered":"ILCF propone a sus estudiantes un aprendizaje del idioma franc\u00e8s a traves del Street-Art  (Festival Peinture Fra\u00eeche) !"},"content":{"rendered":"<p>El Instituto de Lengua y de Cultura Francesas (ILCF) se puso un nuevo reto para el inicio del primer semestre : establecer una pedagogia de proyecto incluyendo la ense\u00f1anza del Frances y el arte urbano. Pues, ILCF se acerc\u00f3 del Festival lion\u00e9s <a href=\"https:\/\/www.peinturefraichefestival.fr\/\">Peinture Fra\u00eeche<\/a>.<\/p><h2 class=\"wp-block-heading\"><strong>Una colaboraci\u00f3n con el Festival <\/strong><a href=\"https:\/\/www.peinturefraichefestival.fr\/\"><strong>Peinture Fra\u00eeche<\/strong><\/a><strong><\/strong><\/h2><p>Desde hace 2 a\u00f1os, el <strong>Festival Peinture Fra\u00eeche de Lyon<\/strong> incita a los artistas del mundo entero a tagar, desviar, pegar y proyectar sus obras en la Halle Debourg (Lyon 7).<\/p><p>Este a\u00f1o, nuestros profesores, formados en la mediaci\u00f3n<strong> <\/strong>de la exposicion por el equipo del Festival, han elaborado un programa personalizado para los estudiantes. La construcci\u00f3n y la mutualizaci\u00f3n de las sesiones pedagogicas han dado a luz a varias producciones : escritura creativa, critica del arte, rally virtual en la ciudad de Lyon.<\/p><p>Laurianne PIRODON (<a href=\"https:\/\/www.ucly.fr\/formations\/capea-formation-accompagnement-enseignants\/\">CAP\u2019EA<\/a>) ha proporcionado asesoramiento t\u00e9cnico para integrar instrumentos digitales, tal Padlet, Vevox, Kahoot o Genial.ly en el trabajo de los profesores.<\/p><h2 class=\"wp-block-heading\"><strong>Una visita interactiva pero no s\u00f3lo &nbsp;!<\/strong><\/h2><div class=\"wp-block-gallery-ucly js-fade-scroll\"><div class=\"owl-carousel owl-theme owl-gallery\"><div class=\"item\"><img loading=\"lazy\" decoding=\"async\" width=\"830\" height=\"479\" src=\"https:\/\/www.ilcf.net\/wp-content\/uploads\/sites\/20\/2020\/12\/festival-peinture-fraiche-8.jpg\" class=\"\" alt=\"Festival Peinture Fraiche\" srcset=\"https:\/\/www.ilcf.net\/wp-content\/uploads\/sites\/20\/2020\/12\/festival-peinture-fraiche-8.jpg 830w, https:\/\/www.ilcf.net\/wp-content\/uploads\/sites\/20\/2020\/12\/festival-peinture-fraiche-8-243x140.jpg 243w\" sizes=\"auto, (max-width: 830px) 100vw, 830px\" \/><div class=\"wp-block-gallery-ucly-caption\">Festival Peinture Fraiche<\/div><\/div><div class=\"item\"><img loading=\"lazy\" decoding=\"async\" width=\"830\" height=\"479\" src=\"https:\/\/www.ilcf.net\/wp-content\/uploads\/sites\/20\/2020\/11\/festival-peinture-fraiche-111.jpg\" class=\"\" alt=\"Festival peinture fraiche\" srcset=\"https:\/\/www.ilcf.net\/wp-content\/uploads\/sites\/20\/2020\/11\/festival-peinture-fraiche-111.jpg 830w, https:\/\/www.ilcf.net\/wp-content\/uploads\/sites\/20\/2020\/11\/festival-peinture-fraiche-111-243x140.jpg 243w\" sizes=\"auto, (max-width: 830px) 100vw, 830px\" \/><div class=\"wp-block-gallery-ucly-caption\"><\/div><\/div><div class=\"item\"><img loading=\"lazy\" decoding=\"async\" width=\"830\" height=\"479\" src=\"https:\/\/www.ilcf.net\/wp-content\/uploads\/sites\/20\/2020\/12\/festival-peinture-fraiche-2.jpg\" class=\"\" alt=\"Festival Peinture Fraiche\" srcset=\"https:\/\/www.ilcf.net\/wp-content\/uploads\/sites\/20\/2020\/12\/festival-peinture-fraiche-2.jpg 830w, https:\/\/www.ilcf.net\/wp-content\/uploads\/sites\/20\/2020\/12\/festival-peinture-fraiche-2-243x140.jpg 243w\" sizes=\"auto, (max-width: 830px) 100vw, 830px\" \/><div class=\"wp-block-gallery-ucly-caption\">Festival Peinture Fraiche<\/div><\/div><div class=\"item\"><img loading=\"lazy\" decoding=\"async\" width=\"830\" height=\"479\" src=\"https:\/\/www.ilcf.net\/wp-content\/uploads\/sites\/20\/2020\/11\/festival-peinture-fraiche-5.jpg\" class=\"\" alt=\"Festival peinture fraiche\" srcset=\"https:\/\/www.ilcf.net\/wp-content\/uploads\/sites\/20\/2020\/11\/festival-peinture-fraiche-5.jpg 830w, https:\/\/www.ilcf.net\/wp-content\/uploads\/sites\/20\/2020\/11\/festival-peinture-fraiche-5-243x140.jpg 243w\" sizes=\"auto, (max-width: 830px) 100vw, 830px\" \/><div class=\"wp-block-gallery-ucly-caption\"><\/div><\/div><div class=\"item\"><img loading=\"lazy\" decoding=\"async\" width=\"830\" height=\"479\" src=\"https:\/\/www.ilcf.net\/wp-content\/uploads\/sites\/20\/2020\/12\/festival-peinture-fraiche-7.jpg\" class=\"\" alt=\"Festival Peinture Fraiche\" srcset=\"https:\/\/www.ilcf.net\/wp-content\/uploads\/sites\/20\/2020\/12\/festival-peinture-fraiche-7.jpg 830w, https:\/\/www.ilcf.net\/wp-content\/uploads\/sites\/20\/2020\/12\/festival-peinture-fraiche-7-243x140.jpg 243w\" sizes=\"auto, (max-width: 830px) 100vw, 830px\" \/><div class=\"wp-block-gallery-ucly-caption\">Festival Peinture Fraiche<\/div><\/div><div class=\"item\"><img loading=\"lazy\" decoding=\"async\" width=\"830\" height=\"479\" src=\"https:\/\/www.ilcf.net\/wp-content\/uploads\/sites\/20\/2020\/12\/festival-peinture-fraiche-4.jpg\" class=\"\" alt=\"Festival Peinture Fraiche\" srcset=\"https:\/\/www.ilcf.net\/wp-content\/uploads\/sites\/20\/2020\/12\/festival-peinture-fraiche-4.jpg 830w, https:\/\/www.ilcf.net\/wp-content\/uploads\/sites\/20\/2020\/12\/festival-peinture-fraiche-4-243x140.jpg 243w\" sizes=\"auto, (max-width: 830px) 100vw, 830px\" \/><div class=\"wp-block-gallery-ucly-caption\">Festival Peinture Fraiche<\/div><\/div><div class=\"item\"><img loading=\"lazy\" decoding=\"async\" width=\"830\" height=\"479\" src=\"https:\/\/www.ilcf.net\/wp-content\/uploads\/sites\/20\/2020\/12\/festival-peinture-fraiche-3.jpg\" class=\"\" alt=\"Festival Peinture Fraiche\" srcset=\"https:\/\/www.ilcf.net\/wp-content\/uploads\/sites\/20\/2020\/12\/festival-peinture-fraiche-3.jpg 830w, https:\/\/www.ilcf.net\/wp-content\/uploads\/sites\/20\/2020\/12\/festival-peinture-fraiche-3-243x140.jpg 243w\" sizes=\"auto, (max-width: 830px) 100vw, 830px\" \/><div class=\"wp-block-gallery-ucly-caption\">Festival Peinture Fraiche<\/div><\/div><div class=\"item\"><img loading=\"lazy\" decoding=\"async\" width=\"830\" height=\"479\" src=\"https:\/\/www.ilcf.net\/wp-content\/uploads\/sites\/20\/2020\/12\/festival-peinture-fraiche-1.jpg\" class=\"\" alt=\"Festival Peinture Fraiche\" srcset=\"https:\/\/www.ilcf.net\/wp-content\/uploads\/sites\/20\/2020\/12\/festival-peinture-fraiche-1.jpg 830w, https:\/\/www.ilcf.net\/wp-content\/uploads\/sites\/20\/2020\/12\/festival-peinture-fraiche-1-243x140.jpg 243w\" sizes=\"auto, (max-width: 830px) 100vw, 830px\" \/><div class=\"wp-block-gallery-ucly-caption\">Festival Peinture Fraiche<\/div><\/div><div class=\"item\"><img loading=\"lazy\" decoding=\"async\" width=\"830\" height=\"479\" src=\"https:\/\/www.ilcf.net\/wp-content\/uploads\/sites\/20\/2020\/12\/festival-peinture-fraiche-6.jpg\" class=\"\" alt=\"Festival Peinture Fraiche\" srcset=\"https:\/\/www.ilcf.net\/wp-content\/uploads\/sites\/20\/2020\/12\/festival-peinture-fraiche-6.jpg 830w, https:\/\/www.ilcf.net\/wp-content\/uploads\/sites\/20\/2020\/12\/festival-peinture-fraiche-6-243x140.jpg 243w\" sizes=\"auto, (max-width: 830px) 100vw, 830px\" \/><div class=\"wp-block-gallery-ucly-caption\">Festival Peinture Fraiche<\/div><\/div><div class=\"item\"><img loading=\"lazy\" decoding=\"async\" width=\"830\" height=\"479\" src=\"https:\/\/www.ilcf.net\/wp-content\/uploads\/sites\/20\/2020\/12\/festival-peinture-fraiche-5.jpg\" class=\"\" alt=\"Festival Peinture Fraiche\" srcset=\"https:\/\/www.ilcf.net\/wp-content\/uploads\/sites\/20\/2020\/12\/festival-peinture-fraiche-5.jpg 830w, https:\/\/www.ilcf.net\/wp-content\/uploads\/sites\/20\/2020\/12\/festival-peinture-fraiche-5-243x140.jpg 243w\" sizes=\"auto, (max-width: 830px) 100vw, 830px\" \/><div class=\"wp-block-gallery-ucly-caption\">Festival Peinture Fraiche<\/div><\/div><div class=\"item\"><img loading=\"lazy\" decoding=\"async\" width=\"830\" height=\"479\" src=\"https:\/\/www.ilcf.net\/wp-content\/uploads\/sites\/20\/2020\/11\/festival-peinture-fraiche-134.jpg\" class=\"\" alt=\"Festival peinture fraiche -\" srcset=\"https:\/\/www.ilcf.net\/wp-content\/uploads\/sites\/20\/2020\/11\/festival-peinture-fraiche-134.jpg 830w, https:\/\/www.ilcf.net\/wp-content\/uploads\/sites\/20\/2020\/11\/festival-peinture-fraiche-134-243x140.jpg 243w\" sizes=\"auto, (max-width: 830px) 100vw, 830px\" \/><div class=\"wp-block-gallery-ucly-caption\"><\/div><\/div><div class=\"item\"><img loading=\"lazy\" decoding=\"async\" width=\"830\" height=\"479\" src=\"https:\/\/www.ilcf.net\/wp-content\/uploads\/sites\/20\/2020\/11\/festival-peinture-fraiche-152.jpg\" class=\"\" alt=\"Festival\" srcset=\"https:\/\/www.ilcf.net\/wp-content\/uploads\/sites\/20\/2020\/11\/festival-peinture-fraiche-152.jpg 830w, https:\/\/www.ilcf.net\/wp-content\/uploads\/sites\/20\/2020\/11\/festival-peinture-fraiche-152-243x140.jpg 243w\" sizes=\"auto, (max-width: 830px) 100vw, 830px\" \/><div class=\"wp-block-gallery-ucly-caption\"><\/div><\/div><div class=\"item\"><img loading=\"lazy\" decoding=\"async\" width=\"830\" height=\"479\" src=\"https:\/\/www.ilcf.net\/wp-content\/uploads\/sites\/20\/2020\/11\/festival-peinture-fraiche-130.jpg\" class=\"\" alt=\"Festival peinture fraiche\" srcset=\"https:\/\/www.ilcf.net\/wp-content\/uploads\/sites\/20\/2020\/11\/festival-peinture-fraiche-130.jpg 830w, https:\/\/www.ilcf.net\/wp-content\/uploads\/sites\/20\/2020\/11\/festival-peinture-fraiche-130-243x140.jpg 243w\" sizes=\"auto, (max-width: 830px) 100vw, 830px\" \/><div class=\"wp-block-gallery-ucly-caption\"><\/div><\/div><div class=\"item\"><img loading=\"lazy\" decoding=\"async\" width=\"830\" height=\"479\" src=\"https:\/\/www.ilcf.net\/wp-content\/uploads\/sites\/20\/2020\/11\/festival-peinture-fraiche-95.jpg\" class=\"\" alt=\"Festival peinture fraiche\" srcset=\"https:\/\/www.ilcf.net\/wp-content\/uploads\/sites\/20\/2020\/11\/festival-peinture-fraiche-95.jpg 830w, https:\/\/www.ilcf.net\/wp-content\/uploads\/sites\/20\/2020\/11\/festival-peinture-fraiche-95-243x140.jpg 243w\" sizes=\"auto, (max-width: 830px) 100vw, 830px\" \/><div class=\"wp-block-gallery-ucly-caption\"><\/div><\/div><div class=\"item\"><img loading=\"lazy\" decoding=\"async\" width=\"830\" height=\"479\" src=\"https:\/\/www.ilcf.net\/wp-content\/uploads\/sites\/20\/2020\/11\/festival-peinture-fraiche-63.jpg\" class=\"\" alt=\"Festival peinture fraiche\" srcset=\"https:\/\/www.ilcf.net\/wp-content\/uploads\/sites\/20\/2020\/11\/festival-peinture-fraiche-63.jpg 830w, https:\/\/www.ilcf.net\/wp-content\/uploads\/sites\/20\/2020\/11\/festival-peinture-fraiche-63-243x140.jpg 243w\" sizes=\"auto, (max-width: 830px) 100vw, 830px\" \/><div class=\"wp-block-gallery-ucly-caption\"><\/div><\/div><div class=\"item\"><img loading=\"lazy\" decoding=\"async\" width=\"830\" height=\"479\" src=\"https:\/\/www.ilcf.net\/wp-content\/uploads\/sites\/20\/2020\/11\/festival-peinture-fraiche-51.jpg\" class=\"\" alt=\"Festival peinture fraiche\" srcset=\"https:\/\/www.ilcf.net\/wp-content\/uploads\/sites\/20\/2020\/11\/festival-peinture-fraiche-51.jpg 830w, https:\/\/www.ilcf.net\/wp-content\/uploads\/sites\/20\/2020\/11\/festival-peinture-fraiche-51-243x140.jpg 243w\" sizes=\"auto, (max-width: 830px) 100vw, 830px\" \/><div class=\"wp-block-gallery-ucly-caption\"><\/div><\/div><\/div><div class=\"owl-numbers\"><span class=\"owl-number-current\"><\/span><span class=\"owl-number-sep\"><\/span><span class=\"owl-number-total\"><\/span><\/div><\/div><p>Todos los estudiantes han trabajado en clase utilizando secuencias pedagogicas elaboradas. En segundo lugar, todos los grupos desde el nivel A1 hasta el nivel C1, acompa\u00f1ados por sus profesores, visitaron la exposici\u00f3n in situ. Han podido admirar las numerosas obras e instalaciones. &nbsp;La exposici\u00f3n no puede dejar al visitante pasivo porque se estructura en torno al movimiento y la interaccion.&nbsp; In situ, los estudiantes han podido experimentar talleres tal <em>Waterlight Graffiti. <\/em>Esta obra, compuesta de LEDs se encende cuando su superficie esta en contacto con el agua. Asi, permite expresar su creatividad y volver a ser un artista a su torno.<\/p><p>Por fin, gracias a las actividades elaboradas por los profesores del ILCF y por el equipo del Festival, los estudiantes han podido aumentar sus oportunidades, descubrir obras de artistas internacionales y sobre todo dominar mas el idioma franc\u00e9s. Le damos cita a la tercera edici\u00f3n del Festival&nbsp;! El trabajo y la dedicaci\u00f3n de los profesores, del servicio cultural y de los estudiantes permitiran elaborar el proximo guia pedagocico de Peinture Fra\u00eeche.<\/p><p>Un gran agradecimiento a todo el equipo pedagocico y administrative del ILCF-Lyon para el \u00e9xito de este buen proyecto.<\/p><p>Cr\u00e9ditos de las fotos: Guillaume <a href=\"https:\/\/www.touscesmomentsla.com\/\">Tous ces moments-l\u00e0<\/a><\/p><div class=\"wp-block-contact js-fade-scroll\">\n  <p class=\"wp-block-contact-title\">Cont\u00e1ctenos<\/p>\n\n        <div class=\"contact-info\">\n        <p class=\"contact-item\">\n          <span class=\"contact-strong\">ILCF<\/span><br>\n          <span class=\"contact-light\"><\/span>\n        <\/p>\n        <span class=\"contact-separate\"><\/span>\n        <p class=\"contact-item\">\n          <a class=\"icon-phone contact-button show-for-small-only\" href=\"tel:04 72 32 50 53\"><\/a>\n          <span class=\"contact-strong hide-for-small-only\">04 72 32 50 53<\/span><br>\n          <a class=\"icon-mail contact-button show-for-small-only\" href=\"mailto:ilcf@univ-catholyon.fr\"><\/a>\n          <span class=\"contact-light hide-for-small-only\">ilcf@univ-catholyon.fr<\/span>\n        <\/p>\n      <\/div>\n    <\/div>","protected":false},"excerpt":{"rendered":"<p>El Instituto de Lengua y de Cultura Francesas (ILCF) se puso un nuevo reto para el inicio del primer semestre : establecer una pedagogia [&hellip;]<\/p>\n","protected":false},"author":33,"featured_media":8410,"comment_status":"closed","ping_status":"closed","sticky":false,"template":"","format":"standard","meta":{"_acf_changed":false,"footnotes":""},"categories":[144],"tags":[],"class_list":["post-8704","post","type-post","status-publish","format-standard","has-post-thumbnail","hentry","category-sin-categorizar"],"acf":[],"yoast_head":"<!-- This site is optimized with the Yoast SEO plugin v24.1 - https:\/\/yoast.com\/wordpress\/plugins\/seo\/ -->\n<title>ILCF propone a sus estudiantes un aprendizaje del idioma franc\u00e8s a traves del Street-Art (Festival Peinture Fra\u00eeche) ! - ILCF - Institut de Langue et de Culture Fran\u00e7aises<\/title>\n<meta name=\"robots\" content=\"index, follow, max-snippet:-1, max-image-preview:large, max-video-preview:-1\" \/>\n<link rel=\"canonical\" href=\"https:\/\/www.ilcf.net\/es\/ilcf-propone-a-sus-estudiantes-un-aprendizaje-del-idioma-frances-a-traves-del-street-art-festival-peinture-fraiche\/\" \/>\n<meta property=\"og:locale\" content=\"es_ES\" \/>\n<meta property=\"og:type\" content=\"article\" \/>\n<meta property=\"og:title\" content=\"ILCF propone a sus estudiantes un aprendizaje del idioma franc\u00e8s a traves del Street-Art (Festival Peinture Fra\u00eeche) ! - ILCF - Institut de Langue et de Culture Fran\u00e7aises\" \/>\n<meta property=\"og:description\" content=\"El Instituto de Lengua y de Cultura Francesas (ILCF) se puso un nuevo reto para el inicio del primer semestre : establecer una pedagogia [&hellip;]\" \/>\n<meta property=\"og:url\" content=\"https:\/\/www.ilcf.net\/es\/ilcf-propone-a-sus-estudiantes-un-aprendizaje-del-idioma-frances-a-traves-del-street-art-festival-peinture-fraiche\/\" \/>\n<meta property=\"og:site_name\" content=\"ILCF - Institut de Langue et de Culture Fran\u00e7aises\" \/>\n<meta property=\"article:published_time\" content=\"2021-01-14T11:09:35+00:00\" \/>\n<meta property=\"article:modified_time\" content=\"2021-01-14T11:39:05+00:00\" \/>\n<meta property=\"og:image\" content=\"https:\/\/www.ilcf.net\/wp-content\/uploads\/sites\/20\/2020\/11\/festival-peinture-fraiche-51.jpg\" \/>\n\t<meta property=\"og:image:width\" content=\"830\" \/>\n\t<meta property=\"og:image:height\" content=\"479\" \/>\n\t<meta property=\"og:image:type\" content=\"image\/jpeg\" \/>\n<meta name=\"author\" content=\"anicarddesrieux\" \/>\n<meta name=\"twitter:card\" content=\"summary_large_image\" \/>\n<meta name=\"twitter:label1\" content=\"Escrito por\" \/>\n\t<meta name=\"twitter:data1\" content=\"anicarddesrieux\" \/>\n\t<meta name=\"twitter:label2\" content=\"Tiempo de lectura\" \/>\n\t<meta name=\"twitter:data2\" content=\"2 minutos\" \/>\n<script type=\"application\/ld+json\" class=\"yoast-schema-graph\">{\"@context\":\"https:\/\/schema.org\",\"@graph\":[{\"@type\":\"Article\",\"@id\":\"https:\/\/www.ilcf.net\/es\/ilcf-propone-a-sus-estudiantes-un-aprendizaje-del-idioma-frances-a-traves-del-street-art-festival-peinture-fraiche\/#article\",\"isPartOf\":{\"@id\":\"https:\/\/www.ilcf.net\/es\/ilcf-propone-a-sus-estudiantes-un-aprendizaje-del-idioma-frances-a-traves-del-street-art-festival-peinture-fraiche\/\"},\"author\":{\"name\":\"anicarddesrieux\",\"@id\":\"https:\/\/www.ilcf.net\/es\/#\/schema\/person\/1a051bd3b9dc48988d0dd9c365487e8f\"},\"headline\":\"ILCF propone a sus estudiantes un aprendizaje del idioma franc\u00e8s a traves del Street-Art (Festival Peinture Fra\u00eeche) !\",\"datePublished\":\"2021-01-14T11:09:35+00:00\",\"dateModified\":\"2021-01-14T11:39:05+00:00\",\"mainEntityOfPage\":{\"@id\":\"https:\/\/www.ilcf.net\/es\/ilcf-propone-a-sus-estudiantes-un-aprendizaje-del-idioma-frances-a-traves-del-street-art-festival-peinture-fraiche\/\"},\"wordCount\":429,\"publisher\":{\"@id\":\"https:\/\/www.ilcf.net\/es\/#organization\"},\"image\":{\"@id\":\"https:\/\/www.ilcf.net\/es\/ilcf-propone-a-sus-estudiantes-un-aprendizaje-del-idioma-frances-a-traves-del-street-art-festival-peinture-fraiche\/#primaryimage\"},\"thumbnailUrl\":\"https:\/\/www.ilcf.net\/wp-content\/uploads\/sites\/20\/2020\/11\/festival-peinture-fraiche-51.jpg\",\"articleSection\":[\"Sin categorizar\"],\"inLanguage\":\"es\"},{\"@type\":\"WebPage\",\"@id\":\"https:\/\/www.ilcf.net\/es\/ilcf-propone-a-sus-estudiantes-un-aprendizaje-del-idioma-frances-a-traves-del-street-art-festival-peinture-fraiche\/\",\"url\":\"https:\/\/www.ilcf.net\/es\/ilcf-propone-a-sus-estudiantes-un-aprendizaje-del-idioma-frances-a-traves-del-street-art-festival-peinture-fraiche\/\",\"name\":\"ILCF propone a sus estudiantes un aprendizaje del idioma franc\u00e8s a traves del Street-Art (Festival Peinture Fra\u00eeche) ! - ILCF - Institut de Langue et de Culture Fran\u00e7aises\",\"isPartOf\":{\"@id\":\"https:\/\/www.ilcf.net\/es\/#website\"},\"primaryImageOfPage\":{\"@id\":\"https:\/\/www.ilcf.net\/es\/ilcf-propone-a-sus-estudiantes-un-aprendizaje-del-idioma-frances-a-traves-del-street-art-festival-peinture-fraiche\/#primaryimage\"},\"image\":{\"@id\":\"https:\/\/www.ilcf.net\/es\/ilcf-propone-a-sus-estudiantes-un-aprendizaje-del-idioma-frances-a-traves-del-street-art-festival-peinture-fraiche\/#primaryimage\"},\"thumbnailUrl\":\"https:\/\/www.ilcf.net\/wp-content\/uploads\/sites\/20\/2020\/11\/festival-peinture-fraiche-51.jpg\",\"datePublished\":\"2021-01-14T11:09:35+00:00\",\"dateModified\":\"2021-01-14T11:39:05+00:00\",\"breadcrumb\":{\"@id\":\"https:\/\/www.ilcf.net\/es\/ilcf-propone-a-sus-estudiantes-un-aprendizaje-del-idioma-frances-a-traves-del-street-art-festival-peinture-fraiche\/#breadcrumb\"},\"inLanguage\":\"es\",\"potentialAction\":[{\"@type\":\"ReadAction\",\"target\":[\"https:\/\/www.ilcf.net\/es\/ilcf-propone-a-sus-estudiantes-un-aprendizaje-del-idioma-frances-a-traves-del-street-art-festival-peinture-fraiche\/\"]}]},{\"@type\":\"ImageObject\",\"inLanguage\":\"es\",\"@id\":\"https:\/\/www.ilcf.net\/es\/ilcf-propone-a-sus-estudiantes-un-aprendizaje-del-idioma-frances-a-traves-del-street-art-festival-peinture-fraiche\/#primaryimage\",\"url\":\"https:\/\/www.ilcf.net\/wp-content\/uploads\/sites\/20\/2020\/11\/festival-peinture-fraiche-51.jpg\",\"contentUrl\":\"https:\/\/www.ilcf.net\/wp-content\/uploads\/sites\/20\/2020\/11\/festival-peinture-fraiche-51.jpg\",\"width\":830,\"height\":479,\"caption\":\"Festival peinture fraiche\"},{\"@type\":\"BreadcrumbList\",\"@id\":\"https:\/\/www.ilcf.net\/es\/ilcf-propone-a-sus-estudiantes-un-aprendizaje-del-idioma-frances-a-traves-del-street-art-festival-peinture-fraiche\/#breadcrumb\",\"itemListElement\":[{\"@type\":\"ListItem\",\"position\":1,\"name\":\"Accueil\",\"item\":\"https:\/\/www.ilcf.net\/es\/\"},{\"@type\":\"ListItem\",\"position\":2,\"name\":\"ILCF propone a sus estudiantes un aprendizaje del idioma franc\u00e8s a traves del Street-Art (Festival Peinture Fra\u00eeche) !\"}]},{\"@type\":\"WebSite\",\"@id\":\"https:\/\/www.ilcf.net\/es\/#website\",\"url\":\"https:\/\/www.ilcf.net\/es\/\",\"name\":\"ILCF - Institut de Langue et de Culture Fran\u00e7aises\",\"description\":\"ILCF - Institut de Langue et de Culture Fran\u00e7aises\",\"publisher\":{\"@id\":\"https:\/\/www.ilcf.net\/es\/#organization\"},\"potentialAction\":[{\"@type\":\"SearchAction\",\"target\":{\"@type\":\"EntryPoint\",\"urlTemplate\":\"https:\/\/www.ilcf.net\/es\/?s={search_term_string}\"},\"query-input\":{\"@type\":\"PropertyValueSpecification\",\"valueRequired\":true,\"valueName\":\"search_term_string\"}}],\"inLanguage\":\"es\"},{\"@type\":\"Organization\",\"@id\":\"https:\/\/www.ilcf.net\/es\/#organization\",\"name\":\"ILCF - Institut de Langue et de Culture Fran\u00e7aises\",\"url\":\"https:\/\/www.ilcf.net\/es\/\",\"logo\":{\"@type\":\"ImageObject\",\"inLanguage\":\"es\",\"@id\":\"https:\/\/www.ilcf.net\/es\/#\/schema\/logo\/image\/\",\"url\":\"https:\/\/www.ilcf.net\/wp-content\/uploads\/sites\/20\/2019\/11\/ilcf_logo.svg\",\"contentUrl\":\"https:\/\/www.ilcf.net\/wp-content\/uploads\/sites\/20\/2019\/11\/ilcf_logo.svg\",\"caption\":\"ILCF - Institut de Langue et de Culture Fran\u00e7aises\"},\"image\":{\"@id\":\"https:\/\/www.ilcf.net\/es\/#\/schema\/logo\/image\/\"}},{\"@type\":\"Person\",\"@id\":\"https:\/\/www.ilcf.net\/es\/#\/schema\/person\/1a051bd3b9dc48988d0dd9c365487e8f\",\"name\":\"anicarddesrieux\",\"url\":\"https:\/\/www.ilcf.net\/es\/author\/anicarddesrieux\/\"}]}<\/script>\n<!-- \/ Yoast SEO plugin. -->","yoast_head_json":{"title":"ILCF propone a sus estudiantes un aprendizaje del idioma franc\u00e8s a traves del Street-Art (Festival Peinture Fra\u00eeche) ! - ILCF - Institut de Langue et de Culture Fran\u00e7aises","robots":{"index":"index","follow":"follow","max-snippet":"max-snippet:-1","max-image-preview":"max-image-preview:large","max-video-preview":"max-video-preview:-1"},"canonical":"https:\/\/www.ilcf.net\/es\/ilcf-propone-a-sus-estudiantes-un-aprendizaje-del-idioma-frances-a-traves-del-street-art-festival-peinture-fraiche\/","og_locale":"es_ES","og_type":"article","og_title":"ILCF propone a sus estudiantes un aprendizaje del idioma franc\u00e8s a traves del Street-Art (Festival Peinture Fra\u00eeche) ! - ILCF - Institut de Langue et de Culture Fran\u00e7aises","og_description":"El Instituto de Lengua y de Cultura Francesas (ILCF) se puso un nuevo reto para el inicio del primer semestre : establecer una pedagogia [&hellip;]","og_url":"https:\/\/www.ilcf.net\/es\/ilcf-propone-a-sus-estudiantes-un-aprendizaje-del-idioma-frances-a-traves-del-street-art-festival-peinture-fraiche\/","og_site_name":"ILCF - Institut de Langue et de Culture Fran\u00e7aises","article_published_time":"2021-01-14T11:09:35+00:00","article_modified_time":"2021-01-14T11:39:05+00:00","og_image":[{"width":830,"height":479,"url":"https:\/\/www.ilcf.net\/wp-content\/uploads\/sites\/20\/2020\/11\/festival-peinture-fraiche-51.jpg","type":"image\/jpeg"}],"author":"anicarddesrieux","twitter_card":"summary_large_image","twitter_misc":{"Escrito por":"anicarddesrieux","Tiempo de lectura":"2 minutos"},"schema":{"@context":"https:\/\/schema.org","@graph":[{"@type":"Article","@id":"https:\/\/www.ilcf.net\/es\/ilcf-propone-a-sus-estudiantes-un-aprendizaje-del-idioma-frances-a-traves-del-street-art-festival-peinture-fraiche\/#article","isPartOf":{"@id":"https:\/\/www.ilcf.net\/es\/ilcf-propone-a-sus-estudiantes-un-aprendizaje-del-idioma-frances-a-traves-del-street-art-festival-peinture-fraiche\/"},"author":{"name":"anicarddesrieux","@id":"https:\/\/www.ilcf.net\/es\/#\/schema\/person\/1a051bd3b9dc48988d0dd9c365487e8f"},"headline":"ILCF propone a sus estudiantes un aprendizaje del idioma franc\u00e8s a traves del Street-Art (Festival Peinture Fra\u00eeche) !","datePublished":"2021-01-14T11:09:35+00:00","dateModified":"2021-01-14T11:39:05+00:00","mainEntityOfPage":{"@id":"https:\/\/www.ilcf.net\/es\/ilcf-propone-a-sus-estudiantes-un-aprendizaje-del-idioma-frances-a-traves-del-street-art-festival-peinture-fraiche\/"},"wordCount":429,"publisher":{"@id":"https:\/\/www.ilcf.net\/es\/#organization"},"image":{"@id":"https:\/\/www.ilcf.net\/es\/ilcf-propone-a-sus-estudiantes-un-aprendizaje-del-idioma-frances-a-traves-del-street-art-festival-peinture-fraiche\/#primaryimage"},"thumbnailUrl":"https:\/\/www.ilcf.net\/wp-content\/uploads\/sites\/20\/2020\/11\/festival-peinture-fraiche-51.jpg","articleSection":["Sin categorizar"],"inLanguage":"es"},{"@type":"WebPage","@id":"https:\/\/www.ilcf.net\/es\/ilcf-propone-a-sus-estudiantes-un-aprendizaje-del-idioma-frances-a-traves-del-street-art-festival-peinture-fraiche\/","url":"https:\/\/www.ilcf.net\/es\/ilcf-propone-a-sus-estudiantes-un-aprendizaje-del-idioma-frances-a-traves-del-street-art-festival-peinture-fraiche\/","name":"ILCF propone a sus estudiantes un aprendizaje del idioma franc\u00e8s a traves del Street-Art (Festival Peinture Fra\u00eeche) ! - ILCF - Institut de Langue et de Culture Fran\u00e7aises","isPartOf":{"@id":"https:\/\/www.ilcf.net\/es\/#website"},"primaryImageOfPage":{"@id":"https:\/\/www.ilcf.net\/es\/ilcf-propone-a-sus-estudiantes-un-aprendizaje-del-idioma-frances-a-traves-del-street-art-festival-peinture-fraiche\/#primaryimage"},"image":{"@id":"https:\/\/www.ilcf.net\/es\/ilcf-propone-a-sus-estudiantes-un-aprendizaje-del-idioma-frances-a-traves-del-street-art-festival-peinture-fraiche\/#primaryimage"},"thumbnailUrl":"https:\/\/www.ilcf.net\/wp-content\/uploads\/sites\/20\/2020\/11\/festival-peinture-fraiche-51.jpg","datePublished":"2021-01-14T11:09:35+00:00","dateModified":"2021-01-14T11:39:05+00:00","breadcrumb":{"@id":"https:\/\/www.ilcf.net\/es\/ilcf-propone-a-sus-estudiantes-un-aprendizaje-del-idioma-frances-a-traves-del-street-art-festival-peinture-fraiche\/#breadcrumb"},"inLanguage":"es","potentialAction":[{"@type":"ReadAction","target":["https:\/\/www.ilcf.net\/es\/ilcf-propone-a-sus-estudiantes-un-aprendizaje-del-idioma-frances-a-traves-del-street-art-festival-peinture-fraiche\/"]}]},{"@type":"ImageObject","inLanguage":"es","@id":"https:\/\/www.ilcf.net\/es\/ilcf-propone-a-sus-estudiantes-un-aprendizaje-del-idioma-frances-a-traves-del-street-art-festival-peinture-fraiche\/#primaryimage","url":"https:\/\/www.ilcf.net\/wp-content\/uploads\/sites\/20\/2020\/11\/festival-peinture-fraiche-51.jpg","contentUrl":"https:\/\/www.ilcf.net\/wp-content\/uploads\/sites\/20\/2020\/11\/festival-peinture-fraiche-51.jpg","width":830,"height":479,"caption":"Festival peinture fraiche"},{"@type":"BreadcrumbList","@id":"https:\/\/www.ilcf.net\/es\/ilcf-propone-a-sus-estudiantes-un-aprendizaje-del-idioma-frances-a-traves-del-street-art-festival-peinture-fraiche\/#breadcrumb","itemListElement":[{"@type":"ListItem","position":1,"name":"Accueil","item":"https:\/\/www.ilcf.net\/es\/"},{"@type":"ListItem","position":2,"name":"ILCF propone a sus estudiantes un aprendizaje del idioma franc\u00e8s a traves del Street-Art (Festival Peinture Fra\u00eeche) !"}]},{"@type":"WebSite","@id":"https:\/\/www.ilcf.net\/es\/#website","url":"https:\/\/www.ilcf.net\/es\/","name":"ILCF - Institut de Langue et de Culture Fran\u00e7aises","description":"ILCF - Institut de Langue et de Culture Fran\u00e7aises","publisher":{"@id":"https:\/\/www.ilcf.net\/es\/#organization"},"potentialAction":[{"@type":"SearchAction","target":{"@type":"EntryPoint","urlTemplate":"https:\/\/www.ilcf.net\/es\/?s={search_term_string}"},"query-input":{"@type":"PropertyValueSpecification","valueRequired":true,"valueName":"search_term_string"}}],"inLanguage":"es"},{"@type":"Organization","@id":"https:\/\/www.ilcf.net\/es\/#organization","name":"ILCF - Institut de Langue et de Culture Fran\u00e7aises","url":"https:\/\/www.ilcf.net\/es\/","logo":{"@type":"ImageObject","inLanguage":"es","@id":"https:\/\/www.ilcf.net\/es\/#\/schema\/logo\/image\/","url":"https:\/\/www.ilcf.net\/wp-content\/uploads\/sites\/20\/2019\/11\/ilcf_logo.svg","contentUrl":"https:\/\/www.ilcf.net\/wp-content\/uploads\/sites\/20\/2019\/11\/ilcf_logo.svg","caption":"ILCF - Institut de Langue et de Culture Fran\u00e7aises"},"image":{"@id":"https:\/\/www.ilcf.net\/es\/#\/schema\/logo\/image\/"}},{"@type":"Person","@id":"https:\/\/www.ilcf.net\/es\/#\/schema\/person\/1a051bd3b9dc48988d0dd9c365487e8f","name":"anicarddesrieux","url":"https:\/\/www.ilcf.net\/es\/author\/anicarddesrieux\/"}]}},"_links":{"self":[{"href":"https:\/\/www.ilcf.net\/es\/wp-json\/wp\/v2\/posts\/8704","targetHints":{"allow":["GET"]}}],"collection":[{"href":"https:\/\/www.ilcf.net\/es\/wp-json\/wp\/v2\/posts"}],"about":[{"href":"https:\/\/www.ilcf.net\/es\/wp-json\/wp\/v2\/types\/post"}],"author":[{"embeddable":true,"href":"https:\/\/www.ilcf.net\/es\/wp-json\/wp\/v2\/users\/33"}],"replies":[{"embeddable":true,"href":"https:\/\/www.ilcf.net\/es\/wp-json\/wp\/v2\/comments?post=8704"}],"version-history":[{"count":4,"href":"https:\/\/www.ilcf.net\/es\/wp-json\/wp\/v2\/posts\/8704\/revisions"}],"predecessor-version":[{"id":8710,"href":"https:\/\/www.ilcf.net\/es\/wp-json\/wp\/v2\/posts\/8704\/revisions\/8710"}],"wp:featuredmedia":[{"embeddable":true,"href":"https:\/\/www.ilcf.net\/es\/wp-json\/wp\/v2\/media\/8410"}],"wp:attachment":[{"href":"https:\/\/www.ilcf.net\/es\/wp-json\/wp\/v2\/media?parent=8704"}],"wp:term":[{"taxonomy":"category","embeddable":true,"href":"https:\/\/www.ilcf.net\/es\/wp-json\/wp\/v2\/categories?post=8704"},{"taxonomy":"post_tag","embeddable":true,"href":"https:\/\/www.ilcf.net\/es\/wp-json\/wp\/v2\/tags?post=8704"}],"curies":[{"name":"wp","href":"https:\/\/api.w.org\/{rel}","templated":true}]}}