{"id":7959,"date":"2020-06-16T16:21:45","date_gmt":"2020-06-16T14:21:45","guid":{"rendered":"https:\/\/www.ilcf.net\/?p=7959"},"modified":"2021-06-23T16:51:01","modified_gmt":"2021-06-23T14:51:01","slug":"reapertura-de-las-fronterasinscribase-ahora","status":"publish","type":"post","link":"https:\/\/www.ilcf.net\/es\/reapertura-de-las-fronterasinscribase-ahora\/","title":{"rendered":"Reapertura de las fronteras desde el 9 de Junio de 2021"},"content":{"rendered":"<h2 class=\"wp-block-heading\">Reapertura de las fronteras<strong> con condiciones variables des modalit\u00e9s variables seg\u00fan el pa\u00eds de origen<\/strong><\/h2><p>Desde el 9 de Junio, los estudiantes internacionales podran volver a Francia. Las fronteras reabren pero una clasificacion de los paises ha sido determinado basandose en elementos sanitarios :<\/p><ul class=\"wp-block-list\"><li>Paises \u00ab de color verdes \u00bb : ninguna circulaci\u00f3n activa del virus, ningun variante preocupando se\u00f1alado. Ambito Europeo, Australia, Corea del Sur, Isra\u00ebl, Jap\u00f3n, Libano, Nueva Zelanda, Singapour .<\/li><li>paises \u00ab de color naranja \u00bb : circulaci\u00f3n del virus en proporciones controladas, ninguna difusi\u00f3n de variantes preocupantes. Todos los paises excepto los paises verdes y rosas<\/li><li>Paises \u00ab de color rosa \u00bb : circulacion activa del virus, existencia de variantes preocupantes.<\/li><\/ul><p>Seg\u00fan la clasificaci\u00f3n, distintas modalidades deban tomarse en cuenta (test, periodo de quarentena, razones imperiosas necesarias para viajar etc.).<\/p><p>La lista de los paises puede cambiar en tiempo real seg\u00fan la evoluci\u00f3n de la situaci\u00f3n sanitaria <a href=\"https:\/\/www.gouvernement.fr\/info-coronavirus\/deplacements\">www.gouvernement.fr\/info-coronavirus<\/a><\/p><div class=\"wp-block-document js-fade-scroll\">\n  <div class=\"row align-middle collapse\">\n    <div class=\"column small-12 medium-expand\">\n      <p class=\"wp-block-document-title\">Estrategia de reapertura  de las fronteras desde el 9 de Junio<\/p>\n      <div class=\"wp-block-document-intro\"><p>Revise el dossier de prensa sobre la estrategia de reapertura de las fronteras y se ruega tener en cuenta los procedimentos establecidos<\/p>\n<p><img decoding=\"async\" class=\"lazyloaded\" src=\"https:\/\/www.ilcf.net\/wp-content\/uploads\/sites\/20\/2020\/06\/dossier-de-presse-reouverture-frontieres.jpg\" width=\"300px\" \/><\/p>\n<\/div>\n      <a href=\"https:\/\/www.ilcf.net\/wp-content\/uploads\/sites\/20\/2020\/06\/dossier_de_presse_-_reouverture_des_frontieres_a_partir_du_9_juin.pdf\" target=\"_blank\" class=\"button primary button-icon\" title=\"Descargar Estrategia de reapertura  de las fronteras desde el 9 de Junio\"><span class=\"icon-download\"><\/span>Descargar<\/a>\n    <\/div>\n\n    <div class=\"column small-12 medium-shrink wp-block-document-right\">\n      <img loading=\"lazy\" decoding=\"async\" width=\"150\" height=\"150\" src=\"https:\/\/www.ilcf.net\/wp-content\/uploads\/sites\/20\/2019\/11\/telecharger-le-pdf-1-150x150-150x150.png\" class=\"attachment-thumbnail size-thumbnail\" alt=\"\" srcset=\"https:\/\/www.ilcf.net\/wp-content\/uploads\/sites\/20\/2019\/11\/telecharger-le-pdf-1-150x150.png 150w, https:\/\/www.ilcf.net\/wp-content\/uploads\/sites\/20\/2019\/11\/telecharger-le-pdf-1-150x150-65x65.png 65w\" sizes=\"auto, (max-width: 150px) 100vw, 150px\" \/>    <\/div>\n  <\/div>\n<\/div><h2 class=\"wp-block-heading\">Verano en ILCF<\/h2><p>\u00a1El ILCF se alegra con esta noticia y abre el per\u00edodo de inscripciones para el programa intensivo de verano (verano de 2021)!<\/p><div class=\"wp-block-button js-fade-scroll\">\n\n    <a href=\"https:\/\/www.ilcf.net\/es\/trainings\/cursos-intensivos-de-verano-julio-agosto-y-septiembre\/\" target=\"\" title=\"Inscripci\u00f3n\" class=\"button primary\">Inscripci\u00f3n<\/a>\n\n  <\/div><div class=\"wp-block-cross-content js-fade-scroll\">\n    <p class=\"wp-block-cross-content-title\"><\/p>\n            <div class=\"row wp-block-cross-content-row\">\n                                <div class=\"column small-12 medium-6 large-4 wp-block-cross-content-col\">\n                        <a class=\"wp-block-cross-content-top\" href=\"https:\/\/www.ilcf.net\/es\/nuestros-programas\/\" title=\"Nuestros programas\">\n                            <span class=\"wp-block-cross-content-name\">Nuestros programas<\/span>\n                            <span class=\"wp-block-cross-content-image\"><img loading=\"lazy\" decoding=\"async\" width=\"630\" height=\"570\" src=\"https:\/\/www.ilcf.net\/wp-content\/uploads\/sites\/20\/2020\/02\/header-recrutement-stagiaire-estri-630x570.jpg\" class=\" wp-post-image\" alt=\"\" \/><\/span>\n                            <span class=\"wp-block-cross-content-more\">\n                                <span class=\"icon-more\"><\/span>\n                            <\/span>\n                        <\/a>\n                        <div class=\"wp-block-cross-content-excerpt\"><\/div>\n                    <\/div>\n                                                <div class=\"column small-12 medium-6 large-4 wp-block-cross-content-col\">\n                        <a class=\"wp-block-cross-content-top\" href=\"https:\/\/www.ilcf.net\/es\/?page_id=6854\" title=\"Fechas y tarifas de los cursos 2020-2021\">\n                            <span class=\"wp-block-cross-content-name\">Fechas y tarifas de los cursos 2020-2021<\/span>\n                            <span class=\"wp-block-cross-content-image\"><img loading=\"lazy\" decoding=\"async\" width=\"630\" height=\"570\" src=\"https:\/\/www.ilcf.net\/wp-content\/uploads\/sites\/20\/2020\/02\/header-calendrier-20-21-630x570.jpg\" class=\" wp-post-image\" alt=\"\" \/><\/span>\n                            <span class=\"wp-block-cross-content-more\">\n                                <span class=\"icon-more\"><\/span>\n                            <\/span>\n                        <\/a>\n                        <div class=\"wp-block-cross-content-excerpt\"><\/div>\n                    <\/div>\n                                                <div class=\"column small-12 medium-6 large-4 wp-block-cross-content-col\">\n                        <a class=\"wp-block-cross-content-top\" href=\"https:\/\/www.ilcf.net\/es\/quien-es-usted\/estudiante\/inscripcion-a-un-programa-de-lengua-y-de-cultura-francesas-2\/\" title=\"Inscripci\u00f3n a un programa de lengua y de cultura francesas\">\n                            <span class=\"wp-block-cross-content-name\">Inscripci\u00f3n a un programa de lengua y de cultura francesas<\/span>\n                            <span class=\"wp-block-cross-content-image\"><img loading=\"lazy\" decoding=\"async\" width=\"630\" height=\"570\" src=\"https:\/\/www.ilcf.net\/wp-content\/uploads\/sites\/20\/2019\/12\/header-inscription-cours-ilcf-630x570.jpg\" class=\" wp-post-image\" alt=\"\" \/><\/span>\n                            <span class=\"wp-block-cross-content-more\">\n                                <span class=\"icon-more\"><\/span>\n                            <\/span>\n                        <\/a>\n                        <div class=\"wp-block-cross-content-excerpt\"><\/div>\n                    <\/div>\n                                    <\/div>\n    <\/div>","protected":false},"excerpt":{"rendered":"<p>Reapertura de las fronteras con condiciones variables des modalit\u00e9s variables seg\u00fan el pa\u00eds de origenDesde el 9 de Junio, los estudiantes internacionales podran volver [&hellip;]<\/p>\n","protected":false},"author":33,"featured_media":7754,"comment_status":"closed","ping_status":"closed","sticky":false,"template":"","format":"standard","meta":{"_acf_changed":false,"footnotes":""},"categories":[144],"tags":[],"class_list":["post-7959","post","type-post","status-publish","format-standard","has-post-thumbnail","hentry","category-sin-categorizar"],"acf":[],"yoast_head":"<!-- This site is optimized with the Yoast SEO plugin v24.1 - https:\/\/yoast.com\/wordpress\/plugins\/seo\/ -->\n<title>Reapertura de las fronteras desde el 9 de Junio de 2021 - ILCF - Institut de Langue et de Culture Fran\u00e7aises<\/title>\n<meta name=\"robots\" content=\"index, follow, max-snippet:-1, max-image-preview:large, max-video-preview:-1\" \/>\n<link rel=\"canonical\" href=\"https:\/\/www.ilcf.net\/es\/reapertura-de-las-fronterasinscribase-ahora\/\" \/>\n<meta property=\"og:locale\" content=\"es_ES\" \/>\n<meta property=\"og:type\" content=\"article\" \/>\n<meta property=\"og:title\" content=\"Reapertura de las fronteras desde el 9 de Junio de 2021 - ILCF - Institut de Langue et de Culture Fran\u00e7aises\" \/>\n<meta property=\"og:description\" content=\"Reapertura de las fronteras con condiciones variables des modalit\u00e9s variables seg\u00fan el pa\u00eds de origenDesde el 9 de Junio, los estudiantes internacionales podran volver [&hellip;]\" \/>\n<meta property=\"og:url\" content=\"https:\/\/www.ilcf.net\/es\/reapertura-de-las-fronterasinscribase-ahora\/\" \/>\n<meta property=\"og:site_name\" content=\"ILCF - Institut de Langue et de Culture Fran\u00e7aises\" \/>\n<meta property=\"article:published_time\" content=\"2020-06-16T14:21:45+00:00\" \/>\n<meta property=\"article:modified_time\" content=\"2021-06-23T14:51:01+00:00\" \/>\n<meta property=\"og:image\" content=\"https:\/\/www.ilcf.net\/wp-content\/uploads\/sites\/20\/2020\/04\/header-ilcf-ucly.jpg\" \/>\n\t<meta property=\"og:image:width\" content=\"1920\" \/>\n\t<meta property=\"og:image:height\" content=\"575\" \/>\n\t<meta property=\"og:image:type\" content=\"image\/jpeg\" \/>\n<meta name=\"author\" content=\"anicarddesrieux\" \/>\n<meta name=\"twitter:card\" content=\"summary_large_image\" \/>\n<meta name=\"twitter:label1\" content=\"Escrito por\" \/>\n\t<meta name=\"twitter:data1\" content=\"anicarddesrieux\" \/>\n\t<meta name=\"twitter:label2\" content=\"Tiempo de lectura\" \/>\n\t<meta name=\"twitter:data2\" content=\"1 minuto\" \/>\n<script type=\"application\/ld+json\" class=\"yoast-schema-graph\">{\"@context\":\"https:\/\/schema.org\",\"@graph\":[{\"@type\":\"Article\",\"@id\":\"https:\/\/www.ilcf.net\/es\/reapertura-de-las-fronterasinscribase-ahora\/#article\",\"isPartOf\":{\"@id\":\"https:\/\/www.ilcf.net\/es\/reapertura-de-las-fronterasinscribase-ahora\/\"},\"author\":{\"name\":\"anicarddesrieux\",\"@id\":\"https:\/\/www.ilcf.net\/es\/#\/schema\/person\/1a051bd3b9dc48988d0dd9c365487e8f\"},\"headline\":\"Reapertura de las fronteras desde el 9 de Junio de 2021\",\"datePublished\":\"2020-06-16T14:21:45+00:00\",\"dateModified\":\"2021-06-23T14:51:01+00:00\",\"mainEntityOfPage\":{\"@id\":\"https:\/\/www.ilcf.net\/es\/reapertura-de-las-fronterasinscribase-ahora\/\"},\"wordCount\":191,\"publisher\":{\"@id\":\"https:\/\/www.ilcf.net\/es\/#organization\"},\"image\":{\"@id\":\"https:\/\/www.ilcf.net\/es\/reapertura-de-las-fronterasinscribase-ahora\/#primaryimage\"},\"thumbnailUrl\":\"https:\/\/www.ilcf.net\/wp-content\/uploads\/sites\/20\/2020\/04\/header-ilcf-ucly.jpg\",\"articleSection\":[\"Sin categorizar\"],\"inLanguage\":\"es\"},{\"@type\":\"WebPage\",\"@id\":\"https:\/\/www.ilcf.net\/es\/reapertura-de-las-fronterasinscribase-ahora\/\",\"url\":\"https:\/\/www.ilcf.net\/es\/reapertura-de-las-fronterasinscribase-ahora\/\",\"name\":\"Reapertura de las fronteras desde el 9 de Junio de 2021 - ILCF - Institut de Langue et de Culture Fran\u00e7aises\",\"isPartOf\":{\"@id\":\"https:\/\/www.ilcf.net\/es\/#website\"},\"primaryImageOfPage\":{\"@id\":\"https:\/\/www.ilcf.net\/es\/reapertura-de-las-fronterasinscribase-ahora\/#primaryimage\"},\"image\":{\"@id\":\"https:\/\/www.ilcf.net\/es\/reapertura-de-las-fronterasinscribase-ahora\/#primaryimage\"},\"thumbnailUrl\":\"https:\/\/www.ilcf.net\/wp-content\/uploads\/sites\/20\/2020\/04\/header-ilcf-ucly.jpg\",\"datePublished\":\"2020-06-16T14:21:45+00:00\",\"dateModified\":\"2021-06-23T14:51:01+00:00\",\"breadcrumb\":{\"@id\":\"https:\/\/www.ilcf.net\/es\/reapertura-de-las-fronterasinscribase-ahora\/#breadcrumb\"},\"inLanguage\":\"es\",\"potentialAction\":[{\"@type\":\"ReadAction\",\"target\":[\"https:\/\/www.ilcf.net\/es\/reapertura-de-las-fronterasinscribase-ahora\/\"]}]},{\"@type\":\"ImageObject\",\"inLanguage\":\"es\",\"@id\":\"https:\/\/www.ilcf.net\/es\/reapertura-de-las-fronterasinscribase-ahora\/#primaryimage\",\"url\":\"https:\/\/www.ilcf.net\/wp-content\/uploads\/sites\/20\/2020\/04\/header-ilcf-ucly.jpg\",\"contentUrl\":\"https:\/\/www.ilcf.net\/wp-content\/uploads\/sites\/20\/2020\/04\/header-ilcf-ucly.jpg\",\"width\":1920,\"height\":575},{\"@type\":\"BreadcrumbList\",\"@id\":\"https:\/\/www.ilcf.net\/es\/reapertura-de-las-fronterasinscribase-ahora\/#breadcrumb\",\"itemListElement\":[{\"@type\":\"ListItem\",\"position\":1,\"name\":\"Accueil\",\"item\":\"https:\/\/www.ilcf.net\/es\/\"},{\"@type\":\"ListItem\",\"position\":2,\"name\":\"Reapertura de las fronteras desde el 9 de Junio de 2021\"}]},{\"@type\":\"WebSite\",\"@id\":\"https:\/\/www.ilcf.net\/es\/#website\",\"url\":\"https:\/\/www.ilcf.net\/es\/\",\"name\":\"ILCF - Institut de Langue et de Culture Fran\u00e7aises\",\"description\":\"ILCF - Institut de Langue et de Culture Fran\u00e7aises\",\"publisher\":{\"@id\":\"https:\/\/www.ilcf.net\/es\/#organization\"},\"potentialAction\":[{\"@type\":\"SearchAction\",\"target\":{\"@type\":\"EntryPoint\",\"urlTemplate\":\"https:\/\/www.ilcf.net\/es\/?s={search_term_string}\"},\"query-input\":{\"@type\":\"PropertyValueSpecification\",\"valueRequired\":true,\"valueName\":\"search_term_string\"}}],\"inLanguage\":\"es\"},{\"@type\":\"Organization\",\"@id\":\"https:\/\/www.ilcf.net\/es\/#organization\",\"name\":\"ILCF - Institut de Langue et de Culture Fran\u00e7aises\",\"url\":\"https:\/\/www.ilcf.net\/es\/\",\"logo\":{\"@type\":\"ImageObject\",\"inLanguage\":\"es\",\"@id\":\"https:\/\/www.ilcf.net\/es\/#\/schema\/logo\/image\/\",\"url\":\"https:\/\/www.ilcf.net\/wp-content\/uploads\/sites\/20\/2019\/11\/ilcf_logo.svg\",\"contentUrl\":\"https:\/\/www.ilcf.net\/wp-content\/uploads\/sites\/20\/2019\/11\/ilcf_logo.svg\",\"caption\":\"ILCF - Institut de Langue et de Culture Fran\u00e7aises\"},\"image\":{\"@id\":\"https:\/\/www.ilcf.net\/es\/#\/schema\/logo\/image\/\"}},{\"@type\":\"Person\",\"@id\":\"https:\/\/www.ilcf.net\/es\/#\/schema\/person\/1a051bd3b9dc48988d0dd9c365487e8f\",\"name\":\"anicarddesrieux\",\"url\":\"https:\/\/www.ilcf.net\/es\/author\/anicarddesrieux\/\"}]}<\/script>\n<!-- \/ Yoast SEO plugin. -->","yoast_head_json":{"title":"Reapertura de las fronteras desde el 9 de Junio de 2021 - ILCF - Institut de Langue et de Culture Fran\u00e7aises","robots":{"index":"index","follow":"follow","max-snippet":"max-snippet:-1","max-image-preview":"max-image-preview:large","max-video-preview":"max-video-preview:-1"},"canonical":"https:\/\/www.ilcf.net\/es\/reapertura-de-las-fronterasinscribase-ahora\/","og_locale":"es_ES","og_type":"article","og_title":"Reapertura de las fronteras desde el 9 de Junio de 2021 - ILCF - Institut de Langue et de Culture Fran\u00e7aises","og_description":"Reapertura de las fronteras con condiciones variables des modalit\u00e9s variables seg\u00fan el pa\u00eds de origenDesde el 9 de Junio, los estudiantes internacionales podran volver [&hellip;]","og_url":"https:\/\/www.ilcf.net\/es\/reapertura-de-las-fronterasinscribase-ahora\/","og_site_name":"ILCF - Institut de Langue et de Culture Fran\u00e7aises","article_published_time":"2020-06-16T14:21:45+00:00","article_modified_time":"2021-06-23T14:51:01+00:00","og_image":[{"width":1920,"height":575,"url":"https:\/\/www.ilcf.net\/wp-content\/uploads\/sites\/20\/2020\/04\/header-ilcf-ucly.jpg","type":"image\/jpeg"}],"author":"anicarddesrieux","twitter_card":"summary_large_image","twitter_misc":{"Escrito por":"anicarddesrieux","Tiempo de lectura":"1 minuto"},"schema":{"@context":"https:\/\/schema.org","@graph":[{"@type":"Article","@id":"https:\/\/www.ilcf.net\/es\/reapertura-de-las-fronterasinscribase-ahora\/#article","isPartOf":{"@id":"https:\/\/www.ilcf.net\/es\/reapertura-de-las-fronterasinscribase-ahora\/"},"author":{"name":"anicarddesrieux","@id":"https:\/\/www.ilcf.net\/es\/#\/schema\/person\/1a051bd3b9dc48988d0dd9c365487e8f"},"headline":"Reapertura de las fronteras desde el 9 de Junio de 2021","datePublished":"2020-06-16T14:21:45+00:00","dateModified":"2021-06-23T14:51:01+00:00","mainEntityOfPage":{"@id":"https:\/\/www.ilcf.net\/es\/reapertura-de-las-fronterasinscribase-ahora\/"},"wordCount":191,"publisher":{"@id":"https:\/\/www.ilcf.net\/es\/#organization"},"image":{"@id":"https:\/\/www.ilcf.net\/es\/reapertura-de-las-fronterasinscribase-ahora\/#primaryimage"},"thumbnailUrl":"https:\/\/www.ilcf.net\/wp-content\/uploads\/sites\/20\/2020\/04\/header-ilcf-ucly.jpg","articleSection":["Sin categorizar"],"inLanguage":"es"},{"@type":"WebPage","@id":"https:\/\/www.ilcf.net\/es\/reapertura-de-las-fronterasinscribase-ahora\/","url":"https:\/\/www.ilcf.net\/es\/reapertura-de-las-fronterasinscribase-ahora\/","name":"Reapertura de las fronteras desde el 9 de Junio de 2021 - ILCF - Institut de Langue et de Culture Fran\u00e7aises","isPartOf":{"@id":"https:\/\/www.ilcf.net\/es\/#website"},"primaryImageOfPage":{"@id":"https:\/\/www.ilcf.net\/es\/reapertura-de-las-fronterasinscribase-ahora\/#primaryimage"},"image":{"@id":"https:\/\/www.ilcf.net\/es\/reapertura-de-las-fronterasinscribase-ahora\/#primaryimage"},"thumbnailUrl":"https:\/\/www.ilcf.net\/wp-content\/uploads\/sites\/20\/2020\/04\/header-ilcf-ucly.jpg","datePublished":"2020-06-16T14:21:45+00:00","dateModified":"2021-06-23T14:51:01+00:00","breadcrumb":{"@id":"https:\/\/www.ilcf.net\/es\/reapertura-de-las-fronterasinscribase-ahora\/#breadcrumb"},"inLanguage":"es","potentialAction":[{"@type":"ReadAction","target":["https:\/\/www.ilcf.net\/es\/reapertura-de-las-fronterasinscribase-ahora\/"]}]},{"@type":"ImageObject","inLanguage":"es","@id":"https:\/\/www.ilcf.net\/es\/reapertura-de-las-fronterasinscribase-ahora\/#primaryimage","url":"https:\/\/www.ilcf.net\/wp-content\/uploads\/sites\/20\/2020\/04\/header-ilcf-ucly.jpg","contentUrl":"https:\/\/www.ilcf.net\/wp-content\/uploads\/sites\/20\/2020\/04\/header-ilcf-ucly.jpg","width":1920,"height":575},{"@type":"BreadcrumbList","@id":"https:\/\/www.ilcf.net\/es\/reapertura-de-las-fronterasinscribase-ahora\/#breadcrumb","itemListElement":[{"@type":"ListItem","position":1,"name":"Accueil","item":"https:\/\/www.ilcf.net\/es\/"},{"@type":"ListItem","position":2,"name":"Reapertura de las fronteras desde el 9 de Junio de 2021"}]},{"@type":"WebSite","@id":"https:\/\/www.ilcf.net\/es\/#website","url":"https:\/\/www.ilcf.net\/es\/","name":"ILCF - Institut de Langue et de Culture Fran\u00e7aises","description":"ILCF - Institut de Langue et de Culture Fran\u00e7aises","publisher":{"@id":"https:\/\/www.ilcf.net\/es\/#organization"},"potentialAction":[{"@type":"SearchAction","target":{"@type":"EntryPoint","urlTemplate":"https:\/\/www.ilcf.net\/es\/?s={search_term_string}"},"query-input":{"@type":"PropertyValueSpecification","valueRequired":true,"valueName":"search_term_string"}}],"inLanguage":"es"},{"@type":"Organization","@id":"https:\/\/www.ilcf.net\/es\/#organization","name":"ILCF - Institut de Langue et de Culture Fran\u00e7aises","url":"https:\/\/www.ilcf.net\/es\/","logo":{"@type":"ImageObject","inLanguage":"es","@id":"https:\/\/www.ilcf.net\/es\/#\/schema\/logo\/image\/","url":"https:\/\/www.ilcf.net\/wp-content\/uploads\/sites\/20\/2019\/11\/ilcf_logo.svg","contentUrl":"https:\/\/www.ilcf.net\/wp-content\/uploads\/sites\/20\/2019\/11\/ilcf_logo.svg","caption":"ILCF - Institut de Langue et de Culture Fran\u00e7aises"},"image":{"@id":"https:\/\/www.ilcf.net\/es\/#\/schema\/logo\/image\/"}},{"@type":"Person","@id":"https:\/\/www.ilcf.net\/es\/#\/schema\/person\/1a051bd3b9dc48988d0dd9c365487e8f","name":"anicarddesrieux","url":"https:\/\/www.ilcf.net\/es\/author\/anicarddesrieux\/"}]}},"_links":{"self":[{"href":"https:\/\/www.ilcf.net\/es\/wp-json\/wp\/v2\/posts\/7959","targetHints":{"allow":["GET"]}}],"collection":[{"href":"https:\/\/www.ilcf.net\/es\/wp-json\/wp\/v2\/posts"}],"about":[{"href":"https:\/\/www.ilcf.net\/es\/wp-json\/wp\/v2\/types\/post"}],"author":[{"embeddable":true,"href":"https:\/\/www.ilcf.net\/es\/wp-json\/wp\/v2\/users\/33"}],"replies":[{"embeddable":true,"href":"https:\/\/www.ilcf.net\/es\/wp-json\/wp\/v2\/comments?post=7959"}],"version-history":[{"count":22,"href":"https:\/\/www.ilcf.net\/es\/wp-json\/wp\/v2\/posts\/7959\/revisions"}],"predecessor-version":[{"id":11078,"href":"https:\/\/www.ilcf.net\/es\/wp-json\/wp\/v2\/posts\/7959\/revisions\/11078"}],"wp:featuredmedia":[{"embeddable":true,"href":"https:\/\/www.ilcf.net\/es\/wp-json\/wp\/v2\/media\/7754"}],"wp:attachment":[{"href":"https:\/\/www.ilcf.net\/es\/wp-json\/wp\/v2\/media?parent=7959"}],"wp:term":[{"taxonomy":"category","embeddable":true,"href":"https:\/\/www.ilcf.net\/es\/wp-json\/wp\/v2\/categories?post=7959"},{"taxonomy":"post_tag","embeddable":true,"href":"https:\/\/www.ilcf.net\/es\/wp-json\/wp\/v2\/tags?post=7959"}],"curies":[{"name":"wp","href":"https:\/\/api.w.org\/{rel}","templated":true}]}}