{"id":6697,"date":"2020-02-06T09:08:10","date_gmt":"2020-02-06T08:08:10","guid":{"rendered":"https:\/\/www.ilcf.net\/?p=6697"},"modified":"2020-02-06T09:09:43","modified_gmt":"2020-02-06T08:09:43","slug":"coree-du-sud-europe-lilcf-jette-un-pont-entre-deux-continents","status":"publish","type":"post","link":"https:\/\/www.ilcf.net\/es\/coree-du-sud-europe-lilcf-jette-un-pont-entre-deux-continents\/","title":{"rendered":"Cor\u00e9e du Sud - Europe : l'ILCF jette un pont entre deux continents"},"content":{"rendered":"<div class=\"wp-block-text-image\">\n  <div class=\"row align-bottom collapse\">\n    <div class=\"column small-12 medium-6 xlarge-5 xxlarge-expand wp-block-text-image-info js-fade-scroll\">\n      <p class=\"wp-block-text-image-title\">Cor\u00e9e du Sud - Europe<\/p>\n      <div class=\"wp-block-text-image-intro\"><p>Les \u00e9tudiants de Sogang en pr\u00e9sence de Madame Sylvie Guillaume, Vice-pr\u00e9sidente du Parlement europ\u00e9en, et l&#8217;\u00e9quipe de l&#8217;ILCF<\/p>\n<\/div>\n    <\/div>\n\n    <div class=\"column small-12 medium-6 xlarge-7 xxlarge-shrink wp-block-text-image-picture js-fade-scroll\">\n      <img loading=\"lazy\" decoding=\"async\" width=\"780\" height=\"536\" src=\"https:\/\/www.ilcf.net\/wp-content\/uploads\/sites\/20\/2019\/11\/coree-du-sud-europe-lilcf-jette-un-pont-entre-deux-continents-2017-780x536.jpg\" class=\"attachment-text_image size-text_image\" alt=\"\" \/>    <\/div>\n  <\/div>\n<\/div><p>La Cor\u00e9e et les Cor\u00e9ens manifestent un vif int\u00e9r\u00eat pour l\u2019Europe et les Europ\u00e9ens. Le 7 juillet 2017, les \u00e9tudiants ont rencontr\u00e9 \u00e0 la Maison de l\u2019Europe, partenaire de ce programme, Madame Sylvie Guillaume, Vice-Pr\u00e9sidente du Parlement Europ\u00e9en. Les 4 commissions cr\u00e9\u00e9es par les \u00e9tudiants refl\u00e8tent les pr\u00e9occupations actuelles de la jeunesse cor\u00e9enne : La responsabilit\u00e9 \u00e9cologique, l\u2019Europe de la d\u00e9fense, une politique \u00e9trang\u00e8re commune, la politique migratoire et sociale.<\/p><div class=\"wp-block-quote-container js-fade-scroll\"><blockquote class=\"wp-block-quote is-layout-flow wp-block-quote-is-layout-flow\"><p> Je suis convaincu qu\u2019il y a une obligation d\u2019exemplarit\u00e9 pour les Europ\u00e9ens<\/p><cite>Sylvie Guillaume, Vice-pr\u00e9sidente du Parlement europ\u00e9en<\/cite><\/blockquote><\/div><p>Madame la Vice-Pr\u00e9sidente du Parlement Europ\u00e9en a r\u00e9pondu aux questions de chacune des commissions. Cette rencontre a \u00e9t\u00e9 suivie d\u2019un verre de l\u2019amiti\u00e9 Cor\u00e9e du Sud-Europe offert par la Maison de l'Europe et des Europ\u00e9ens.<\/p><div class=\"wp-block-quote-container js-fade-scroll\"><blockquote class=\"wp-block-quote has-text-align-left is-style-default is-layout-flow wp-block-quote-is-layout-flow\"><p>je crois que l\u2019honneur de l\u2019Europe c\u2019est d\u2019\u00eatre un continent o\u00f9 on a \u00e9crit ce qu\u2019\u00e9tait le droit d\u2019asile. Il ne faut pas le perdre<\/p><cite> Sylvie Guillaume, Vice-pr\u00e9sidente du Parlement europ\u00e9en <\/cite><\/blockquote><\/div><div class=\"wp-block-document js-fade-scroll\">\n  <div class=\"row align-middle collapse\">\n    <div class=\"column small-12 medium-expand\">\n      <p class=\"wp-block-document-title\">t\u00e9l\u00e9chargez l'interview compl\u00e8te de Madame Sylvie Guillaume, Vice-Pr\u00e9sidente du Parlement Europ\u00e9en, par les \u00e9l\u00e8ves de l\u2019Universit\u00e9 cor\u00e9enne de SOGANG<\/p>\n      <div class=\"wp-block-document-intro\"><\/div>\n      <a href=\"https:\/\/www.ilcf.net\/wp-content\/uploads\/sites\/20\/2019\/11\/lilcf-jette-un-pont-entre-deux-continents-interview-sylvie-guillaume.pdf\" target=\"_blank\" class=\"button primary button-icon\" title=\"Descargar t\u00e9l\u00e9chargez l'interview compl\u00e8te de Madame Sylvie Guillaume, Vice-Pr\u00e9sidente du Parlement Europ\u00e9en, par les \u00e9l\u00e8ves de l\u2019Universit\u00e9 cor\u00e9enne de SOGANG\"><span class=\"icon-download\"><\/span>Descargar<\/a>\n    <\/div>\n\n    <div class=\"column small-12 medium-shrink wp-block-document-right\">\n          <\/div>\n  <\/div>\n<\/div><p>L'ILCF-Lyon tient \u00e0 remercier chaleureusement Madame la Vice-Pr\u00e9sidente du Parlement Europ\u00e9en, Monsieur REGUILLON, Pr\u00e9sident de la Maison de l'Europe et des Europ\u00e9ens, Prof. CHUN Jong-Ho, Chef du D\u00e9partement de Langues et de Cultures Europ\u00e9ennes de l'Universit\u00e9 de SOGANG, Prof. Chungmin LEE et Prof. Franck MALIN de l'\u00e9quipe de l'Universit\u00e9 de SOGANG, Dominique ESTRAGNAT impliqu\u00e9 dans le programme Europe de l'UCLy, Pascal RIOU de la Facult\u00e9 de Lettres Modernes de l'UCLy, Emmanuelle GINES et Danielle MAURICE, enseignantes \u00e0 l'ILCF-Lyon\u2026et tous les \u00e9tudiants du programme sp\u00e9cifique de l'Universit\u00e9 de SOGANG.<\/p>","protected":false},"excerpt":{"rendered":"<p>La Cor\u00e9e et les Cor\u00e9ens manifestent un vif int\u00e9r\u00eat pour l\u2019Europe et les Europ\u00e9ens. Le 7 juillet 2017, les \u00e9tudiants ont rencontr\u00e9 \u00e0 la [&hellip;]<\/p>\n","protected":false},"author":32,"featured_media":0,"comment_status":"closed","ping_status":"closed","sticky":false,"template":"","format":"standard","meta":{"_acf_changed":false,"footnotes":""},"categories":[144],"tags":[],"class_list":["post-6697","post","type-post","status-publish","format-standard","hentry","category-sin-categorizar"],"acf":[],"yoast_head":"<!-- This site is optimized with the Yoast SEO plugin v24.1 - https:\/\/yoast.com\/wordpress\/plugins\/seo\/ -->\n<title>Cor\u00e9e du Sud - Europe : l&#039;ILCF jette un pont entre deux continents - ILCF - Institut de Langue et de Culture Fran\u00e7aises<\/title>\n<meta name=\"description\" content=\"L\u2019ILCF-Lyon a accueilli une trentaine d\u2019\u00e9tudiants de l\u2019Universit\u00e9 cor\u00e9enne de SOGANG et Madame Guillaume, Vice-Pr\u00e9sidente du Parlement Europ\u00e9en.\" \/>\n<meta name=\"robots\" content=\"index, follow, max-snippet:-1, max-image-preview:large, max-video-preview:-1\" \/>\n<link rel=\"canonical\" href=\"https:\/\/www.ilcf.net\/es\/coree-du-sud-europe-lilcf-jette-un-pont-entre-deux-continents\/\" \/>\n<meta property=\"og:locale\" content=\"es_ES\" \/>\n<meta property=\"og:type\" content=\"article\" \/>\n<meta property=\"og:title\" content=\"Cor\u00e9e du Sud - Europe : l&#039;ILCF jette un pont entre deux continents - ILCF - Institut de Langue et de Culture Fran\u00e7aises\" \/>\n<meta property=\"og:description\" content=\"L\u2019ILCF-Lyon a accueilli une trentaine d\u2019\u00e9tudiants de l\u2019Universit\u00e9 cor\u00e9enne de SOGANG et Madame Guillaume, Vice-Pr\u00e9sidente du Parlement Europ\u00e9en.\" \/>\n<meta property=\"og:url\" content=\"https:\/\/www.ilcf.net\/es\/coree-du-sud-europe-lilcf-jette-un-pont-entre-deux-continents\/\" \/>\n<meta property=\"og:site_name\" content=\"ILCF - Institut de Langue et de Culture Fran\u00e7aises\" \/>\n<meta property=\"article:published_time\" content=\"2020-02-06T08:08:10+00:00\" \/>\n<meta property=\"article:modified_time\" content=\"2020-02-06T08:09:43+00:00\" \/>\n<meta name=\"author\" content=\"nrockenstrocly\" \/>\n<meta name=\"twitter:card\" content=\"summary_large_image\" \/>\n<meta name=\"twitter:label1\" content=\"Escrito por\" \/>\n\t<meta name=\"twitter:data1\" content=\"nrockenstrocly\" \/>\n\t<meta name=\"twitter:label2\" content=\"Tiempo de lectura\" \/>\n\t<meta name=\"twitter:data2\" content=\"1 minuto\" \/>\n<script type=\"application\/ld+json\" class=\"yoast-schema-graph\">{\"@context\":\"https:\/\/schema.org\",\"@graph\":[{\"@type\":\"Article\",\"@id\":\"https:\/\/www.ilcf.net\/es\/coree-du-sud-europe-lilcf-jette-un-pont-entre-deux-continents\/#article\",\"isPartOf\":{\"@id\":\"https:\/\/www.ilcf.net\/es\/coree-du-sud-europe-lilcf-jette-un-pont-entre-deux-continents\/\"},\"author\":{\"name\":\"nrockenstrocly\",\"@id\":\"https:\/\/www.ilcf.net\/es\/#\/schema\/person\/b6830b810fa3a9b1a461d143341c683a\"},\"headline\":\"Cor\u00e9e du Sud - Europe : l'ILCF jette un pont entre deux continents\",\"datePublished\":\"2020-02-06T08:08:10+00:00\",\"dateModified\":\"2020-02-06T08:09:43+00:00\",\"mainEntityOfPage\":{\"@id\":\"https:\/\/www.ilcf.net\/es\/coree-du-sud-europe-lilcf-jette-un-pont-entre-deux-continents\/\"},\"wordCount\":303,\"publisher\":{\"@id\":\"https:\/\/www.ilcf.net\/es\/#organization\"},\"articleSection\":[\"Sin categorizar\"],\"inLanguage\":\"es\"},{\"@type\":\"WebPage\",\"@id\":\"https:\/\/www.ilcf.net\/es\/coree-du-sud-europe-lilcf-jette-un-pont-entre-deux-continents\/\",\"url\":\"https:\/\/www.ilcf.net\/es\/coree-du-sud-europe-lilcf-jette-un-pont-entre-deux-continents\/\",\"name\":\"Cor\u00e9e du Sud - Europe : l'ILCF jette un pont entre deux continents - ILCF - Institut de Langue et de Culture Fran\u00e7aises\",\"isPartOf\":{\"@id\":\"https:\/\/www.ilcf.net\/es\/#website\"},\"datePublished\":\"2020-02-06T08:08:10+00:00\",\"dateModified\":\"2020-02-06T08:09:43+00:00\",\"description\":\"L\u2019ILCF-Lyon a accueilli une trentaine d\u2019\u00e9tudiants de l\u2019Universit\u00e9 cor\u00e9enne de SOGANG et Madame Guillaume, Vice-Pr\u00e9sidente du Parlement Europ\u00e9en.\",\"breadcrumb\":{\"@id\":\"https:\/\/www.ilcf.net\/es\/coree-du-sud-europe-lilcf-jette-un-pont-entre-deux-continents\/#breadcrumb\"},\"inLanguage\":\"es\",\"potentialAction\":[{\"@type\":\"ReadAction\",\"target\":[\"https:\/\/www.ilcf.net\/es\/coree-du-sud-europe-lilcf-jette-un-pont-entre-deux-continents\/\"]}]},{\"@type\":\"BreadcrumbList\",\"@id\":\"https:\/\/www.ilcf.net\/es\/coree-du-sud-europe-lilcf-jette-un-pont-entre-deux-continents\/#breadcrumb\",\"itemListElement\":[{\"@type\":\"ListItem\",\"position\":1,\"name\":\"Accueil\",\"item\":\"https:\/\/www.ilcf.net\/es\/\"},{\"@type\":\"ListItem\",\"position\":2,\"name\":\"Cor\u00e9e du Sud - Europe : l'ILCF jette un pont entre deux continents\"}]},{\"@type\":\"WebSite\",\"@id\":\"https:\/\/www.ilcf.net\/es\/#website\",\"url\":\"https:\/\/www.ilcf.net\/es\/\",\"name\":\"ILCF - Institut de Langue et de Culture Fran\u00e7aises\",\"description\":\"ILCF - Institut de Langue et de Culture Fran\u00e7aises\",\"publisher\":{\"@id\":\"https:\/\/www.ilcf.net\/es\/#organization\"},\"potentialAction\":[{\"@type\":\"SearchAction\",\"target\":{\"@type\":\"EntryPoint\",\"urlTemplate\":\"https:\/\/www.ilcf.net\/es\/?s={search_term_string}\"},\"query-input\":{\"@type\":\"PropertyValueSpecification\",\"valueRequired\":true,\"valueName\":\"search_term_string\"}}],\"inLanguage\":\"es\"},{\"@type\":\"Organization\",\"@id\":\"https:\/\/www.ilcf.net\/es\/#organization\",\"name\":\"ILCF - Institut de Langue et de Culture Fran\u00e7aises\",\"url\":\"https:\/\/www.ilcf.net\/es\/\",\"logo\":{\"@type\":\"ImageObject\",\"inLanguage\":\"es\",\"@id\":\"https:\/\/www.ilcf.net\/es\/#\/schema\/logo\/image\/\",\"url\":\"https:\/\/www.ilcf.net\/wp-content\/uploads\/sites\/20\/2019\/11\/ilcf_logo.svg\",\"contentUrl\":\"https:\/\/www.ilcf.net\/wp-content\/uploads\/sites\/20\/2019\/11\/ilcf_logo.svg\",\"caption\":\"ILCF - Institut de Langue et de Culture Fran\u00e7aises\"},\"image\":{\"@id\":\"https:\/\/www.ilcf.net\/es\/#\/schema\/logo\/image\/\"}},{\"@type\":\"Person\",\"@id\":\"https:\/\/www.ilcf.net\/es\/#\/schema\/person\/b6830b810fa3a9b1a461d143341c683a\",\"name\":\"nrockenstrocly\",\"url\":\"https:\/\/www.ilcf.net\/es\/author\/nrockenstrocly\/\"}]}<\/script>\n<!-- \/ Yoast SEO plugin. -->","yoast_head_json":{"title":"Cor\u00e9e du Sud - Europe : l'ILCF jette un pont entre deux continents - ILCF - Institut de Langue et de Culture Fran\u00e7aises","description":"L\u2019ILCF-Lyon a accueilli une trentaine d\u2019\u00e9tudiants de l\u2019Universit\u00e9 cor\u00e9enne de SOGANG et Madame Guillaume, Vice-Pr\u00e9sidente du Parlement Europ\u00e9en.","robots":{"index":"index","follow":"follow","max-snippet":"max-snippet:-1","max-image-preview":"max-image-preview:large","max-video-preview":"max-video-preview:-1"},"canonical":"https:\/\/www.ilcf.net\/es\/coree-du-sud-europe-lilcf-jette-un-pont-entre-deux-continents\/","og_locale":"es_ES","og_type":"article","og_title":"Cor\u00e9e du Sud - Europe : l'ILCF jette un pont entre deux continents - ILCF - Institut de Langue et de Culture Fran\u00e7aises","og_description":"L\u2019ILCF-Lyon a accueilli une trentaine d\u2019\u00e9tudiants de l\u2019Universit\u00e9 cor\u00e9enne de SOGANG et Madame Guillaume, Vice-Pr\u00e9sidente du Parlement Europ\u00e9en.","og_url":"https:\/\/www.ilcf.net\/es\/coree-du-sud-europe-lilcf-jette-un-pont-entre-deux-continents\/","og_site_name":"ILCF - Institut de Langue et de Culture Fran\u00e7aises","article_published_time":"2020-02-06T08:08:10+00:00","article_modified_time":"2020-02-06T08:09:43+00:00","author":"nrockenstrocly","twitter_card":"summary_large_image","twitter_misc":{"Escrito por":"nrockenstrocly","Tiempo de lectura":"1 minuto"},"schema":{"@context":"https:\/\/schema.org","@graph":[{"@type":"Article","@id":"https:\/\/www.ilcf.net\/es\/coree-du-sud-europe-lilcf-jette-un-pont-entre-deux-continents\/#article","isPartOf":{"@id":"https:\/\/www.ilcf.net\/es\/coree-du-sud-europe-lilcf-jette-un-pont-entre-deux-continents\/"},"author":{"name":"nrockenstrocly","@id":"https:\/\/www.ilcf.net\/es\/#\/schema\/person\/b6830b810fa3a9b1a461d143341c683a"},"headline":"Cor\u00e9e du Sud - Europe : l'ILCF jette un pont entre deux continents","datePublished":"2020-02-06T08:08:10+00:00","dateModified":"2020-02-06T08:09:43+00:00","mainEntityOfPage":{"@id":"https:\/\/www.ilcf.net\/es\/coree-du-sud-europe-lilcf-jette-un-pont-entre-deux-continents\/"},"wordCount":303,"publisher":{"@id":"https:\/\/www.ilcf.net\/es\/#organization"},"articleSection":["Sin categorizar"],"inLanguage":"es"},{"@type":"WebPage","@id":"https:\/\/www.ilcf.net\/es\/coree-du-sud-europe-lilcf-jette-un-pont-entre-deux-continents\/","url":"https:\/\/www.ilcf.net\/es\/coree-du-sud-europe-lilcf-jette-un-pont-entre-deux-continents\/","name":"Cor\u00e9e du Sud - Europe : l'ILCF jette un pont entre deux continents - ILCF - Institut de Langue et de Culture Fran\u00e7aises","isPartOf":{"@id":"https:\/\/www.ilcf.net\/es\/#website"},"datePublished":"2020-02-06T08:08:10+00:00","dateModified":"2020-02-06T08:09:43+00:00","description":"L\u2019ILCF-Lyon a accueilli une trentaine d\u2019\u00e9tudiants de l\u2019Universit\u00e9 cor\u00e9enne de SOGANG et Madame Guillaume, Vice-Pr\u00e9sidente du Parlement Europ\u00e9en.","breadcrumb":{"@id":"https:\/\/www.ilcf.net\/es\/coree-du-sud-europe-lilcf-jette-un-pont-entre-deux-continents\/#breadcrumb"},"inLanguage":"es","potentialAction":[{"@type":"ReadAction","target":["https:\/\/www.ilcf.net\/es\/coree-du-sud-europe-lilcf-jette-un-pont-entre-deux-continents\/"]}]},{"@type":"BreadcrumbList","@id":"https:\/\/www.ilcf.net\/es\/coree-du-sud-europe-lilcf-jette-un-pont-entre-deux-continents\/#breadcrumb","itemListElement":[{"@type":"ListItem","position":1,"name":"Accueil","item":"https:\/\/www.ilcf.net\/es\/"},{"@type":"ListItem","position":2,"name":"Cor\u00e9e du Sud - Europe : l'ILCF jette un pont entre deux continents"}]},{"@type":"WebSite","@id":"https:\/\/www.ilcf.net\/es\/#website","url":"https:\/\/www.ilcf.net\/es\/","name":"ILCF - Institut de Langue et de Culture Fran\u00e7aises","description":"ILCF - Institut de Langue et de Culture Fran\u00e7aises","publisher":{"@id":"https:\/\/www.ilcf.net\/es\/#organization"},"potentialAction":[{"@type":"SearchAction","target":{"@type":"EntryPoint","urlTemplate":"https:\/\/www.ilcf.net\/es\/?s={search_term_string}"},"query-input":{"@type":"PropertyValueSpecification","valueRequired":true,"valueName":"search_term_string"}}],"inLanguage":"es"},{"@type":"Organization","@id":"https:\/\/www.ilcf.net\/es\/#organization","name":"ILCF - Institut de Langue et de Culture Fran\u00e7aises","url":"https:\/\/www.ilcf.net\/es\/","logo":{"@type":"ImageObject","inLanguage":"es","@id":"https:\/\/www.ilcf.net\/es\/#\/schema\/logo\/image\/","url":"https:\/\/www.ilcf.net\/wp-content\/uploads\/sites\/20\/2019\/11\/ilcf_logo.svg","contentUrl":"https:\/\/www.ilcf.net\/wp-content\/uploads\/sites\/20\/2019\/11\/ilcf_logo.svg","caption":"ILCF - Institut de Langue et de Culture Fran\u00e7aises"},"image":{"@id":"https:\/\/www.ilcf.net\/es\/#\/schema\/logo\/image\/"}},{"@type":"Person","@id":"https:\/\/www.ilcf.net\/es\/#\/schema\/person\/b6830b810fa3a9b1a461d143341c683a","name":"nrockenstrocly","url":"https:\/\/www.ilcf.net\/es\/author\/nrockenstrocly\/"}]}},"_links":{"self":[{"href":"https:\/\/www.ilcf.net\/es\/wp-json\/wp\/v2\/posts\/6697","targetHints":{"allow":["GET"]}}],"collection":[{"href":"https:\/\/www.ilcf.net\/es\/wp-json\/wp\/v2\/posts"}],"about":[{"href":"https:\/\/www.ilcf.net\/es\/wp-json\/wp\/v2\/types\/post"}],"author":[{"embeddable":true,"href":"https:\/\/www.ilcf.net\/es\/wp-json\/wp\/v2\/users\/32"}],"replies":[{"embeddable":true,"href":"https:\/\/www.ilcf.net\/es\/wp-json\/wp\/v2\/comments?post=6697"}],"version-history":[{"count":2,"href":"https:\/\/www.ilcf.net\/es\/wp-json\/wp\/v2\/posts\/6697\/revisions"}],"predecessor-version":[{"id":6700,"href":"https:\/\/www.ilcf.net\/es\/wp-json\/wp\/v2\/posts\/6697\/revisions\/6700"}],"wp:attachment":[{"href":"https:\/\/www.ilcf.net\/es\/wp-json\/wp\/v2\/media?parent=6697"}],"wp:term":[{"taxonomy":"category","embeddable":true,"href":"https:\/\/www.ilcf.net\/es\/wp-json\/wp\/v2\/categories?post=6697"},{"taxonomy":"post_tag","embeddable":true,"href":"https:\/\/www.ilcf.net\/es\/wp-json\/wp\/v2\/tags?post=6697"}],"curies":[{"name":"wp","href":"https:\/\/api.w.org\/{rel}","templated":true}]}}