{"id":6677,"date":"2020-02-05T16:52:04","date_gmt":"2020-02-05T15:52:04","guid":{"rendered":"https:\/\/www.ilcf.net\/?p=6677"},"modified":"2020-02-06T09:17:00","modified_gmt":"2020-02-06T08:17:00","slug":"les-etudiants-de-lilcf-sur-les-ondes-dunisphere","status":"publish","type":"post","link":"https:\/\/www.ilcf.net\/es\/les-etudiants-de-lilcf-sur-les-ondes-dunisphere\/","title":{"rendered":"Les \u00e9tudiants de l'ILCF sur les ondes d'Unisph\u00e8re !"},"content":{"rendered":"<div class=\"wp-block-text-image\">\n  <div class=\"row align-bottom collapse\">\n    <div class=\"column small-12 medium-6 xlarge-5 xxlarge-expand wp-block-text-image-info js-fade-scroll\">\n      <p class=\"wp-block-text-image-title\">Les \u00e9tudiants internationaux de l'ILCF sur les ondes de la webradio Unisph\u00e8re !<\/p>\n      <div class=\"wp-block-text-image-intro\"><p>Les \u00e9tudiants de l\u2019ILCF ont particip\u00e9 \u00e0 l\u2019\u00e9mission \u00ab Carte postale \u00bb, l\u2019\u00e9mission qui invite les \u00e9tudiants \u00e9trangers \u00e0 partager et confronter points de vue et exp\u00e9riences.<\/p>\n<\/div>\n    <\/div>\n\n    <div class=\"column small-12 medium-6 xlarge-7 xxlarge-shrink wp-block-text-image-picture js-fade-scroll\">\n      <img loading=\"lazy\" decoding=\"async\" width=\"600\" height=\"450\" src=\"https:\/\/www.ilcf.net\/wp-content\/uploads\/sites\/20\/2020\/02\/actu-ilcf-carte-postale-radio-rcf-web.jpg\" class=\"attachment-text_image size-text_image\" alt=\"\u00e9tudiants \u00e0 la radio - m\u00e9dia - RCF\" srcset=\"https:\/\/www.ilcf.net\/wp-content\/uploads\/sites\/20\/2020\/02\/actu-ilcf-carte-postale-radio-rcf-web.jpg 600w, https:\/\/www.ilcf.net\/wp-content\/uploads\/sites\/20\/2020\/02\/actu-ilcf-carte-postale-radio-rcf-web-187x140.jpg 187w\" sizes=\"auto, (max-width: 600px) 100vw, 600px\" \/>    <\/div>\n  <\/div>\n<\/div><p>Lors du 1er semestre 2019-2020, les \u00e9tudiants du groupe \u00e0 objectif C1+\/C2 de l\u2019ILCF ont men\u00e9 pendant leur cours un projet radio, accompagn\u00e9s de Philom\u00e8ne Brun, \u00e9tudiante \u00e0 l\u2019UCLY et b\u00e9n\u00e9vole active de la webradio Unisph\u00e8re.<\/p><p>Ils ont particip\u00e9 \u00e0 l\u2019\u00e9mission \u00ab Carte postale \u00bb, qui invite les \u00e9tudiants \u00e9trangers \u00e0 partager et confronter points de vue et exp\u00e9riences. Retenant leur souffle et pr\u00e9parant leur plus belle voix, ils se sont exprim\u00e9s dans les studios de RCF sur les th\u00e8mes qu\u2019ils avaient choisis et pr\u00e9par\u00e9s en classe : le patrimoine et l\u2019alimentation. Emissions pr\u00eates \u00e0 \u00e9couter, sur le blog de RCF !<\/p><br>\n<br>\n<div style=\"text-align: center;\"><iframe loading=\"lazy\" src=\"https:\/\/rcf.fr\/embed\/2277493\" width=\"100%\" height=\"220\" frameborder=\"0\"><\/iframe><\/div>\n<div style=\"text-align: center;\"><a href=\"http:\/\/lyon.blog.rcf.fr\/2019\/12\/14\/carte-postale-le-patrimoine\/#KLINK\" _linktype=\"url\"><span class=\"button\">Ecouter l'int\u00e9gralit\u00e9 des podcasts<br>\n<\/span><\/a><\/div><p> <\/p>","protected":false},"excerpt":{"rendered":"<p>Lors du 1er semestre 2019-2020, les \u00e9tudiants du groupe \u00e0 objectif C1+\/C2 de l\u2019ILCF ont men\u00e9 pendant leur cours un projet radio, accompagn\u00e9s de [&hellip;]<\/p>\n","protected":false},"author":32,"featured_media":0,"comment_status":"closed","ping_status":"closed","sticky":false,"template":"","format":"standard","meta":{"_acf_changed":false,"footnotes":""},"categories":[60],"tags":[],"class_list":["post-6677","post","type-post","status-publish","format-standard","hentry","category-uncategorized"],"acf":[],"yoast_head":"<!-- This site is optimized with the Yoast SEO plugin v24.1 - https:\/\/yoast.com\/wordpress\/plugins\/seo\/ -->\n<title>Les \u00e9tudiants de l&#039;ILCF sur les ondes d&#039;Unisph\u00e8re ! - ILCF - Institut de Langue et de Culture Fran\u00e7aises<\/title>\n<meta name=\"description\" content=\"Les \u00e9tudiants de l\u2019ILCF ont particip\u00e9 \u00e0 l\u2019\u00e9mission \u00abCarte postale\u00bb, qui invite les \u00e9tudiants \u00e9trangers \u00e0 partager et confronter points de vue et exp\u00e9riences\" \/>\n<meta name=\"robots\" content=\"index, follow, max-snippet:-1, max-image-preview:large, max-video-preview:-1\" \/>\n<link rel=\"canonical\" href=\"https:\/\/www.ilcf.net\/es\/les-etudiants-de-lilcf-sur-les-ondes-dunisphere\/\" \/>\n<meta property=\"og:locale\" content=\"es_ES\" \/>\n<meta property=\"og:type\" content=\"article\" \/>\n<meta property=\"og:title\" content=\"Les \u00e9tudiants de l&#039;ILCF sur les ondes d&#039;Unisph\u00e8re ! - ILCF - Institut de Langue et de Culture Fran\u00e7aises\" \/>\n<meta property=\"og:description\" content=\"Les \u00e9tudiants de l\u2019ILCF ont particip\u00e9 \u00e0 l\u2019\u00e9mission \u00abCarte postale\u00bb, qui invite les \u00e9tudiants \u00e9trangers \u00e0 partager et confronter points de vue et exp\u00e9riences\" \/>\n<meta property=\"og:url\" content=\"https:\/\/www.ilcf.net\/es\/les-etudiants-de-lilcf-sur-les-ondes-dunisphere\/\" \/>\n<meta property=\"og:site_name\" content=\"ILCF - Institut de Langue et de Culture Fran\u00e7aises\" \/>\n<meta property=\"article:published_time\" content=\"2020-02-05T15:52:04+00:00\" \/>\n<meta property=\"article:modified_time\" content=\"2020-02-06T08:17:00+00:00\" \/>\n<meta name=\"author\" content=\"nrockenstrocly\" \/>\n<meta name=\"twitter:card\" content=\"summary_large_image\" \/>\n<meta name=\"twitter:label1\" content=\"Escrito por\" \/>\n\t<meta name=\"twitter:data1\" content=\"nrockenstrocly\" \/>\n\t<meta name=\"twitter:label2\" content=\"Tiempo de lectura\" \/>\n\t<meta name=\"twitter:data2\" content=\"1 minuto\" \/>\n<script type=\"application\/ld+json\" class=\"yoast-schema-graph\">{\"@context\":\"https:\/\/schema.org\",\"@graph\":[{\"@type\":\"Article\",\"@id\":\"https:\/\/www.ilcf.net\/es\/les-etudiants-de-lilcf-sur-les-ondes-dunisphere\/#article\",\"isPartOf\":{\"@id\":\"https:\/\/www.ilcf.net\/es\/les-etudiants-de-lilcf-sur-les-ondes-dunisphere\/\"},\"author\":{\"name\":\"nrockenstrocly\",\"@id\":\"https:\/\/www.ilcf.net\/es\/#\/schema\/person\/b6830b810fa3a9b1a461d143341c683a\"},\"headline\":\"Les \u00e9tudiants de l'ILCF sur les ondes d'Unisph\u00e8re !\",\"datePublished\":\"2020-02-05T15:52:04+00:00\",\"dateModified\":\"2020-02-06T08:17:00+00:00\",\"mainEntityOfPage\":{\"@id\":\"https:\/\/www.ilcf.net\/es\/les-etudiants-de-lilcf-sur-les-ondes-dunisphere\/\"},\"wordCount\":128,\"publisher\":{\"@id\":\"https:\/\/www.ilcf.net\/es\/#organization\"},\"articleSection\":[\"Uncategorized\"],\"inLanguage\":\"es\"},{\"@type\":\"WebPage\",\"@id\":\"https:\/\/www.ilcf.net\/es\/les-etudiants-de-lilcf-sur-les-ondes-dunisphere\/\",\"url\":\"https:\/\/www.ilcf.net\/es\/les-etudiants-de-lilcf-sur-les-ondes-dunisphere\/\",\"name\":\"Les \u00e9tudiants de l'ILCF sur les ondes d'Unisph\u00e8re ! - ILCF - Institut de Langue et de Culture Fran\u00e7aises\",\"isPartOf\":{\"@id\":\"https:\/\/www.ilcf.net\/es\/#website\"},\"datePublished\":\"2020-02-05T15:52:04+00:00\",\"dateModified\":\"2020-02-06T08:17:00+00:00\",\"description\":\"Les \u00e9tudiants de l\u2019ILCF ont particip\u00e9 \u00e0 l\u2019\u00e9mission \u00abCarte postale\u00bb, qui invite les \u00e9tudiants \u00e9trangers \u00e0 partager et confronter points de vue et exp\u00e9riences\",\"breadcrumb\":{\"@id\":\"https:\/\/www.ilcf.net\/es\/les-etudiants-de-lilcf-sur-les-ondes-dunisphere\/#breadcrumb\"},\"inLanguage\":\"es\",\"potentialAction\":[{\"@type\":\"ReadAction\",\"target\":[\"https:\/\/www.ilcf.net\/es\/les-etudiants-de-lilcf-sur-les-ondes-dunisphere\/\"]}]},{\"@type\":\"BreadcrumbList\",\"@id\":\"https:\/\/www.ilcf.net\/es\/les-etudiants-de-lilcf-sur-les-ondes-dunisphere\/#breadcrumb\",\"itemListElement\":[{\"@type\":\"ListItem\",\"position\":1,\"name\":\"Accueil\",\"item\":\"https:\/\/www.ilcf.net\/es\/\"},{\"@type\":\"ListItem\",\"position\":2,\"name\":\"Les \u00e9tudiants de l'ILCF sur les ondes d'Unisph\u00e8re !\"}]},{\"@type\":\"WebSite\",\"@id\":\"https:\/\/www.ilcf.net\/es\/#website\",\"url\":\"https:\/\/www.ilcf.net\/es\/\",\"name\":\"ILCF - Institut de Langue et de Culture Fran\u00e7aises\",\"description\":\"ILCF - Institut de Langue et de Culture Fran\u00e7aises\",\"publisher\":{\"@id\":\"https:\/\/www.ilcf.net\/es\/#organization\"},\"potentialAction\":[{\"@type\":\"SearchAction\",\"target\":{\"@type\":\"EntryPoint\",\"urlTemplate\":\"https:\/\/www.ilcf.net\/es\/?s={search_term_string}\"},\"query-input\":{\"@type\":\"PropertyValueSpecification\",\"valueRequired\":true,\"valueName\":\"search_term_string\"}}],\"inLanguage\":\"es\"},{\"@type\":\"Organization\",\"@id\":\"https:\/\/www.ilcf.net\/es\/#organization\",\"name\":\"ILCF - Institut de Langue et de Culture Fran\u00e7aises\",\"url\":\"https:\/\/www.ilcf.net\/es\/\",\"logo\":{\"@type\":\"ImageObject\",\"inLanguage\":\"es\",\"@id\":\"https:\/\/www.ilcf.net\/es\/#\/schema\/logo\/image\/\",\"url\":\"https:\/\/www.ilcf.net\/wp-content\/uploads\/sites\/20\/2019\/11\/ilcf_logo.svg\",\"contentUrl\":\"https:\/\/www.ilcf.net\/wp-content\/uploads\/sites\/20\/2019\/11\/ilcf_logo.svg\",\"caption\":\"ILCF - Institut de Langue et de Culture Fran\u00e7aises\"},\"image\":{\"@id\":\"https:\/\/www.ilcf.net\/es\/#\/schema\/logo\/image\/\"}},{\"@type\":\"Person\",\"@id\":\"https:\/\/www.ilcf.net\/es\/#\/schema\/person\/b6830b810fa3a9b1a461d143341c683a\",\"name\":\"nrockenstrocly\",\"url\":\"https:\/\/www.ilcf.net\/es\/author\/nrockenstrocly\/\"}]}<\/script>\n<!-- \/ Yoast SEO plugin. -->","yoast_head_json":{"title":"Les \u00e9tudiants de l'ILCF sur les ondes d'Unisph\u00e8re ! - ILCF - Institut de Langue et de Culture Fran\u00e7aises","description":"Les \u00e9tudiants de l\u2019ILCF ont particip\u00e9 \u00e0 l\u2019\u00e9mission \u00abCarte postale\u00bb, qui invite les \u00e9tudiants \u00e9trangers \u00e0 partager et confronter points de vue et exp\u00e9riences","robots":{"index":"index","follow":"follow","max-snippet":"max-snippet:-1","max-image-preview":"max-image-preview:large","max-video-preview":"max-video-preview:-1"},"canonical":"https:\/\/www.ilcf.net\/es\/les-etudiants-de-lilcf-sur-les-ondes-dunisphere\/","og_locale":"es_ES","og_type":"article","og_title":"Les \u00e9tudiants de l'ILCF sur les ondes d'Unisph\u00e8re ! - ILCF - Institut de Langue et de Culture Fran\u00e7aises","og_description":"Les \u00e9tudiants de l\u2019ILCF ont particip\u00e9 \u00e0 l\u2019\u00e9mission \u00abCarte postale\u00bb, qui invite les \u00e9tudiants \u00e9trangers \u00e0 partager et confronter points de vue et exp\u00e9riences","og_url":"https:\/\/www.ilcf.net\/es\/les-etudiants-de-lilcf-sur-les-ondes-dunisphere\/","og_site_name":"ILCF - Institut de Langue et de Culture Fran\u00e7aises","article_published_time":"2020-02-05T15:52:04+00:00","article_modified_time":"2020-02-06T08:17:00+00:00","author":"nrockenstrocly","twitter_card":"summary_large_image","twitter_misc":{"Escrito por":"nrockenstrocly","Tiempo de lectura":"1 minuto"},"schema":{"@context":"https:\/\/schema.org","@graph":[{"@type":"Article","@id":"https:\/\/www.ilcf.net\/es\/les-etudiants-de-lilcf-sur-les-ondes-dunisphere\/#article","isPartOf":{"@id":"https:\/\/www.ilcf.net\/es\/les-etudiants-de-lilcf-sur-les-ondes-dunisphere\/"},"author":{"name":"nrockenstrocly","@id":"https:\/\/www.ilcf.net\/es\/#\/schema\/person\/b6830b810fa3a9b1a461d143341c683a"},"headline":"Les \u00e9tudiants de l'ILCF sur les ondes d'Unisph\u00e8re !","datePublished":"2020-02-05T15:52:04+00:00","dateModified":"2020-02-06T08:17:00+00:00","mainEntityOfPage":{"@id":"https:\/\/www.ilcf.net\/es\/les-etudiants-de-lilcf-sur-les-ondes-dunisphere\/"},"wordCount":128,"publisher":{"@id":"https:\/\/www.ilcf.net\/es\/#organization"},"articleSection":["Uncategorized"],"inLanguage":"es"},{"@type":"WebPage","@id":"https:\/\/www.ilcf.net\/es\/les-etudiants-de-lilcf-sur-les-ondes-dunisphere\/","url":"https:\/\/www.ilcf.net\/es\/les-etudiants-de-lilcf-sur-les-ondes-dunisphere\/","name":"Les \u00e9tudiants de l'ILCF sur les ondes d'Unisph\u00e8re ! - ILCF - Institut de Langue et de Culture Fran\u00e7aises","isPartOf":{"@id":"https:\/\/www.ilcf.net\/es\/#website"},"datePublished":"2020-02-05T15:52:04+00:00","dateModified":"2020-02-06T08:17:00+00:00","description":"Les \u00e9tudiants de l\u2019ILCF ont particip\u00e9 \u00e0 l\u2019\u00e9mission \u00abCarte postale\u00bb, qui invite les \u00e9tudiants \u00e9trangers \u00e0 partager et confronter points de vue et exp\u00e9riences","breadcrumb":{"@id":"https:\/\/www.ilcf.net\/es\/les-etudiants-de-lilcf-sur-les-ondes-dunisphere\/#breadcrumb"},"inLanguage":"es","potentialAction":[{"@type":"ReadAction","target":["https:\/\/www.ilcf.net\/es\/les-etudiants-de-lilcf-sur-les-ondes-dunisphere\/"]}]},{"@type":"BreadcrumbList","@id":"https:\/\/www.ilcf.net\/es\/les-etudiants-de-lilcf-sur-les-ondes-dunisphere\/#breadcrumb","itemListElement":[{"@type":"ListItem","position":1,"name":"Accueil","item":"https:\/\/www.ilcf.net\/es\/"},{"@type":"ListItem","position":2,"name":"Les \u00e9tudiants de l'ILCF sur les ondes d'Unisph\u00e8re !"}]},{"@type":"WebSite","@id":"https:\/\/www.ilcf.net\/es\/#website","url":"https:\/\/www.ilcf.net\/es\/","name":"ILCF - Institut de Langue et de Culture Fran\u00e7aises","description":"ILCF - Institut de Langue et de Culture Fran\u00e7aises","publisher":{"@id":"https:\/\/www.ilcf.net\/es\/#organization"},"potentialAction":[{"@type":"SearchAction","target":{"@type":"EntryPoint","urlTemplate":"https:\/\/www.ilcf.net\/es\/?s={search_term_string}"},"query-input":{"@type":"PropertyValueSpecification","valueRequired":true,"valueName":"search_term_string"}}],"inLanguage":"es"},{"@type":"Organization","@id":"https:\/\/www.ilcf.net\/es\/#organization","name":"ILCF - Institut de Langue et de Culture Fran\u00e7aises","url":"https:\/\/www.ilcf.net\/es\/","logo":{"@type":"ImageObject","inLanguage":"es","@id":"https:\/\/www.ilcf.net\/es\/#\/schema\/logo\/image\/","url":"https:\/\/www.ilcf.net\/wp-content\/uploads\/sites\/20\/2019\/11\/ilcf_logo.svg","contentUrl":"https:\/\/www.ilcf.net\/wp-content\/uploads\/sites\/20\/2019\/11\/ilcf_logo.svg","caption":"ILCF - Institut de Langue et de Culture Fran\u00e7aises"},"image":{"@id":"https:\/\/www.ilcf.net\/es\/#\/schema\/logo\/image\/"}},{"@type":"Person","@id":"https:\/\/www.ilcf.net\/es\/#\/schema\/person\/b6830b810fa3a9b1a461d143341c683a","name":"nrockenstrocly","url":"https:\/\/www.ilcf.net\/es\/author\/nrockenstrocly\/"}]}},"_links":{"self":[{"href":"https:\/\/www.ilcf.net\/es\/wp-json\/wp\/v2\/posts\/6677","targetHints":{"allow":["GET"]}}],"collection":[{"href":"https:\/\/www.ilcf.net\/es\/wp-json\/wp\/v2\/posts"}],"about":[{"href":"https:\/\/www.ilcf.net\/es\/wp-json\/wp\/v2\/types\/post"}],"author":[{"embeddable":true,"href":"https:\/\/www.ilcf.net\/es\/wp-json\/wp\/v2\/users\/32"}],"replies":[{"embeddable":true,"href":"https:\/\/www.ilcf.net\/es\/wp-json\/wp\/v2\/comments?post=6677"}],"version-history":[{"count":2,"href":"https:\/\/www.ilcf.net\/es\/wp-json\/wp\/v2\/posts\/6677\/revisions"}],"predecessor-version":[{"id":6713,"href":"https:\/\/www.ilcf.net\/es\/wp-json\/wp\/v2\/posts\/6677\/revisions\/6713"}],"wp:attachment":[{"href":"https:\/\/www.ilcf.net\/es\/wp-json\/wp\/v2\/media?parent=6677"}],"wp:term":[{"taxonomy":"category","embeddable":true,"href":"https:\/\/www.ilcf.net\/es\/wp-json\/wp\/v2\/categories?post=6677"},{"taxonomy":"post_tag","embeddable":true,"href":"https:\/\/www.ilcf.net\/es\/wp-json\/wp\/v2\/tags?post=6677"}],"curies":[{"name":"wp","href":"https:\/\/api.w.org\/{rel}","templated":true}]}}