{"id":6190,"date":"2020-02-05T08:56:21","date_gmt":"2020-02-05T07:56:21","guid":{"rendered":"https:\/\/www.ilcf.net\/?p=6190"},"modified":"2020-02-06T09:39:56","modified_gmt":"2020-02-06T08:39:56","slug":"visita-europa","status":"publish","type":"post","link":"https:\/\/www.ilcf.net\/es\/visita-europa\/","title":{"rendered":"Visita Europa"},"content":{"rendered":"<h2 class=\"wp-block-heading\">\u00a1El mundo est\u00e1 en tus manos!<\/h2><div class=\"wp-block-list js-fade-scroll\">\n  <p class=\"wp-block-list-title\"><\/p>\n  <div class=\"wp-block-list-intro\"><\/div>\n\n          <a class=\"wp-block-list-item\" href=\"https:\/\/rail.cc\/es\/interrail-global-pass\" title=\"\" target=\"_blank\" >\n      \n        <div class=\"wp-block-list-item-title\">Eurail Global Pass<\/div>\n        <div class=\"wp-block-list-item-intro\"><p>&nbsp;<\/p>\n<p>El Eurail Global Pass permite viajar libremente por las redes ferroviarias nacionales de <strong>m\u00e1s de 30 pa\u00edses<\/strong>: Austria, B\u00e9lgica, Croacia, Rep\u00fablica Checa, Dinamarca, Finlandia, Francia, Alemania, Grecia, Hungr\u00eda, Irlanda, Italia, Pa\u00edses Bajos, Noruega, Polonia, Portugal, Espa\u00f1a, Suecia, Suiza, M\u00f3naco, etc.<\/p>\n<p style=\"text-align: left\"><img loading=\"lazy\" decoding=\"async\" width=\"150\" height=\"104\" class=\"wp-image-6718\" style=\"width: 150px;\" src=\"https:\/\/www.ilcf.net\/wp-content\/uploads\/sites\/20\/2020\/02\/logo-europe.jpg\" alt=\"Logo Union Europ\u00e9enne - Europe\" srcset=\"https:\/\/www.ilcf.net\/wp-content\/uploads\/sites\/20\/2020\/02\/logo-europe.jpg 400w, https:\/\/www.ilcf.net\/wp-content\/uploads\/sites\/20\/2020\/02\/logo-europe-202x140.jpg 202w\" sizes=\"auto, (max-width: 150px) 100vw, 150px\" \/> <\/p>\n<\/div>\n\n                <span class=\"wp-block-list-item-link\">\n            <span class=\"icon-more\"><\/span>\n          <\/span>\n        <\/a>\n                  <a class=\"wp-block-list-item\" href=\"https:\/\/www.lyonaeroports.com\/en\/\" title=\"\" target=\"_blank\" >\n      \n        <div class=\"wp-block-list-item-title\">Aeropuerto internacional de Lyon Saint-Exup\u00e9ry<\/div>\n        <div class=\"wp-block-list-item-intro\"><p>&nbsp;<\/p>\n<p>El aeropuerto internacional de Lyon Saint-Exup\u00e9ry tiene <strong>m\u00e1s de 115 conexiones directas<\/strong> con 40 compa\u00f1\u00edas a\u00e9reas, incluidas algunas de bajo coste, y dio servicio a 8,7 millones de pasajeros en 2015.<\/p>\n<p style=\"text-align: center;\"><img decoding=\"async\" class=\"wp-image-5907\" style=\"width: 200px;\" src=\"https:\/\/www.ilcf.net\/wp-content\/uploads\/sites\/20\/2020\/02\/003-aeroplane.svg\" alt=\"\" \/><\/p>\n<\/div>\n\n                <span class=\"wp-block-list-item-link\">\n            <span class=\"icon-more\"><\/span>\n          <\/span>\n        <\/a>\n          <\/div><p><\/p>","protected":false},"excerpt":{"rendered":"<p>\u00a1El mundo est\u00e1 en tus manos!<\/p>\n","protected":false},"author":32,"featured_media":6569,"comment_status":"closed","ping_status":"closed","sticky":false,"template":"","format":"standard","meta":{"_acf_changed":false,"footnotes":""},"categories":[144],"tags":[],"class_list":["post-6190","post","type-post","status-publish","format-standard","has-post-thumbnail","hentry","category-sin-categorizar"],"acf":[],"yoast_head":"<!-- This site is optimized with the Yoast SEO plugin v24.1 - https:\/\/yoast.com\/wordpress\/plugins\/seo\/ -->\n<title>Visita Europa - ILCF - Institut de Langue et de Culture Fran\u00e7aises<\/title>\n<meta name=\"description\" content=\"Lyon es una capital internacional comunicada con las grandes ciudades europeas mediante el Eurail Global Pass y el aeropuerto internacional de Saint-Exup\u00e9ry\" \/>\n<meta name=\"robots\" content=\"index, follow, max-snippet:-1, max-image-preview:large, max-video-preview:-1\" \/>\n<link rel=\"canonical\" href=\"https:\/\/www.ilcf.net\/es\/visita-europa\/\" \/>\n<meta property=\"og:locale\" content=\"es_ES\" \/>\n<meta property=\"og:type\" content=\"article\" \/>\n<meta property=\"og:title\" content=\"Visita Europa - ILCF - Institut de Langue et de Culture Fran\u00e7aises\" \/>\n<meta property=\"og:description\" content=\"Lyon es una capital internacional comunicada con las grandes ciudades europeas mediante el Eurail Global Pass y el aeropuerto internacional de Saint-Exup\u00e9ry\" \/>\n<meta property=\"og:url\" content=\"https:\/\/www.ilcf.net\/es\/visita-europa\/\" \/>\n<meta property=\"og:site_name\" content=\"ILCF - Institut de Langue et de Culture Fran\u00e7aises\" \/>\n<meta property=\"article:published_time\" content=\"2020-02-05T07:56:21+00:00\" \/>\n<meta property=\"article:modified_time\" content=\"2020-02-06T08:39:56+00:00\" \/>\n<meta property=\"og:image\" content=\"https:\/\/www.ilcf.net\/wp-content\/uploads\/sites\/20\/2020\/02\/header-estri13.jpg\" \/>\n\t<meta property=\"og:image:width\" content=\"1920\" \/>\n\t<meta property=\"og:image:height\" content=\"575\" \/>\n\t<meta property=\"og:image:type\" content=\"image\/jpeg\" \/>\n<meta name=\"author\" content=\"nrockenstrocly\" \/>\n<meta name=\"twitter:card\" content=\"summary_large_image\" \/>\n<meta name=\"twitter:label1\" content=\"Escrito por\" \/>\n\t<meta name=\"twitter:data1\" content=\"nrockenstrocly\" \/>\n<script type=\"application\/ld+json\" class=\"yoast-schema-graph\">{\"@context\":\"https:\/\/schema.org\",\"@graph\":[{\"@type\":\"Article\",\"@id\":\"https:\/\/www.ilcf.net\/es\/visita-europa\/#article\",\"isPartOf\":{\"@id\":\"https:\/\/www.ilcf.net\/es\/visita-europa\/\"},\"author\":{\"name\":\"nrockenstrocly\",\"@id\":\"https:\/\/www.ilcf.net\/es\/#\/schema\/person\/b6830b810fa3a9b1a461d143341c683a\"},\"headline\":\"Visita Europa\",\"datePublished\":\"2020-02-05T07:56:21+00:00\",\"dateModified\":\"2020-02-06T08:39:56+00:00\",\"mainEntityOfPage\":{\"@id\":\"https:\/\/www.ilcf.net\/es\/visita-europa\/\"},\"wordCount\":8,\"publisher\":{\"@id\":\"https:\/\/www.ilcf.net\/es\/#organization\"},\"image\":{\"@id\":\"https:\/\/www.ilcf.net\/es\/visita-europa\/#primaryimage\"},\"thumbnailUrl\":\"https:\/\/www.ilcf.net\/wp-content\/uploads\/sites\/20\/2020\/02\/header-estri13.jpg\",\"articleSection\":[\"Sin categorizar\"],\"inLanguage\":\"es\"},{\"@type\":\"WebPage\",\"@id\":\"https:\/\/www.ilcf.net\/es\/visita-europa\/\",\"url\":\"https:\/\/www.ilcf.net\/es\/visita-europa\/\",\"name\":\"Visita Europa - ILCF - Institut de Langue et de Culture Fran\u00e7aises\",\"isPartOf\":{\"@id\":\"https:\/\/www.ilcf.net\/es\/#website\"},\"primaryImageOfPage\":{\"@id\":\"https:\/\/www.ilcf.net\/es\/visita-europa\/#primaryimage\"},\"image\":{\"@id\":\"https:\/\/www.ilcf.net\/es\/visita-europa\/#primaryimage\"},\"thumbnailUrl\":\"https:\/\/www.ilcf.net\/wp-content\/uploads\/sites\/20\/2020\/02\/header-estri13.jpg\",\"datePublished\":\"2020-02-05T07:56:21+00:00\",\"dateModified\":\"2020-02-06T08:39:56+00:00\",\"description\":\"Lyon es una capital internacional comunicada con las grandes ciudades europeas mediante el Eurail Global Pass y el aeropuerto internacional de Saint-Exup\u00e9ry\",\"breadcrumb\":{\"@id\":\"https:\/\/www.ilcf.net\/es\/visita-europa\/#breadcrumb\"},\"inLanguage\":\"es\",\"potentialAction\":[{\"@type\":\"ReadAction\",\"target\":[\"https:\/\/www.ilcf.net\/es\/visita-europa\/\"]}]},{\"@type\":\"ImageObject\",\"inLanguage\":\"es\",\"@id\":\"https:\/\/www.ilcf.net\/es\/visita-europa\/#primaryimage\",\"url\":\"https:\/\/www.ilcf.net\/wp-content\/uploads\/sites\/20\/2020\/02\/header-estri13.jpg\",\"contentUrl\":\"https:\/\/www.ilcf.net\/wp-content\/uploads\/sites\/20\/2020\/02\/header-estri13.jpg\",\"width\":1920,\"height\":575,\"caption\":\"Formalit\u00e9s administratives ILCF\"},{\"@type\":\"BreadcrumbList\",\"@id\":\"https:\/\/www.ilcf.net\/es\/visita-europa\/#breadcrumb\",\"itemListElement\":[{\"@type\":\"ListItem\",\"position\":1,\"name\":\"Accueil\",\"item\":\"https:\/\/www.ilcf.net\/es\/\"},{\"@type\":\"ListItem\",\"position\":2,\"name\":\"Visita Europa\"}]},{\"@type\":\"WebSite\",\"@id\":\"https:\/\/www.ilcf.net\/es\/#website\",\"url\":\"https:\/\/www.ilcf.net\/es\/\",\"name\":\"ILCF - Institut de Langue et de Culture Fran\u00e7aises\",\"description\":\"ILCF - Institut de Langue et de Culture Fran\u00e7aises\",\"publisher\":{\"@id\":\"https:\/\/www.ilcf.net\/es\/#organization\"},\"potentialAction\":[{\"@type\":\"SearchAction\",\"target\":{\"@type\":\"EntryPoint\",\"urlTemplate\":\"https:\/\/www.ilcf.net\/es\/?s={search_term_string}\"},\"query-input\":{\"@type\":\"PropertyValueSpecification\",\"valueRequired\":true,\"valueName\":\"search_term_string\"}}],\"inLanguage\":\"es\"},{\"@type\":\"Organization\",\"@id\":\"https:\/\/www.ilcf.net\/es\/#organization\",\"name\":\"ILCF - Institut de Langue et de Culture Fran\u00e7aises\",\"url\":\"https:\/\/www.ilcf.net\/es\/\",\"logo\":{\"@type\":\"ImageObject\",\"inLanguage\":\"es\",\"@id\":\"https:\/\/www.ilcf.net\/es\/#\/schema\/logo\/image\/\",\"url\":\"https:\/\/www.ilcf.net\/wp-content\/uploads\/sites\/20\/2019\/11\/ilcf_logo.svg\",\"contentUrl\":\"https:\/\/www.ilcf.net\/wp-content\/uploads\/sites\/20\/2019\/11\/ilcf_logo.svg\",\"caption\":\"ILCF - Institut de Langue et de Culture Fran\u00e7aises\"},\"image\":{\"@id\":\"https:\/\/www.ilcf.net\/es\/#\/schema\/logo\/image\/\"}},{\"@type\":\"Person\",\"@id\":\"https:\/\/www.ilcf.net\/es\/#\/schema\/person\/b6830b810fa3a9b1a461d143341c683a\",\"name\":\"nrockenstrocly\",\"url\":\"https:\/\/www.ilcf.net\/es\/author\/nrockenstrocly\/\"}]}<\/script>\n<!-- \/ Yoast SEO plugin. -->","yoast_head_json":{"title":"Visita Europa - ILCF - Institut de Langue et de Culture Fran\u00e7aises","description":"Lyon es una capital internacional comunicada con las grandes ciudades europeas mediante el Eurail Global Pass y el aeropuerto internacional de Saint-Exup\u00e9ry","robots":{"index":"index","follow":"follow","max-snippet":"max-snippet:-1","max-image-preview":"max-image-preview:large","max-video-preview":"max-video-preview:-1"},"canonical":"https:\/\/www.ilcf.net\/es\/visita-europa\/","og_locale":"es_ES","og_type":"article","og_title":"Visita Europa - ILCF - Institut de Langue et de Culture Fran\u00e7aises","og_description":"Lyon es una capital internacional comunicada con las grandes ciudades europeas mediante el Eurail Global Pass y el aeropuerto internacional de Saint-Exup\u00e9ry","og_url":"https:\/\/www.ilcf.net\/es\/visita-europa\/","og_site_name":"ILCF - Institut de Langue et de Culture Fran\u00e7aises","article_published_time":"2020-02-05T07:56:21+00:00","article_modified_time":"2020-02-06T08:39:56+00:00","og_image":[{"width":1920,"height":575,"url":"https:\/\/www.ilcf.net\/wp-content\/uploads\/sites\/20\/2020\/02\/header-estri13.jpg","type":"image\/jpeg"}],"author":"nrockenstrocly","twitter_card":"summary_large_image","twitter_misc":{"Escrito por":"nrockenstrocly"},"schema":{"@context":"https:\/\/schema.org","@graph":[{"@type":"Article","@id":"https:\/\/www.ilcf.net\/es\/visita-europa\/#article","isPartOf":{"@id":"https:\/\/www.ilcf.net\/es\/visita-europa\/"},"author":{"name":"nrockenstrocly","@id":"https:\/\/www.ilcf.net\/es\/#\/schema\/person\/b6830b810fa3a9b1a461d143341c683a"},"headline":"Visita Europa","datePublished":"2020-02-05T07:56:21+00:00","dateModified":"2020-02-06T08:39:56+00:00","mainEntityOfPage":{"@id":"https:\/\/www.ilcf.net\/es\/visita-europa\/"},"wordCount":8,"publisher":{"@id":"https:\/\/www.ilcf.net\/es\/#organization"},"image":{"@id":"https:\/\/www.ilcf.net\/es\/visita-europa\/#primaryimage"},"thumbnailUrl":"https:\/\/www.ilcf.net\/wp-content\/uploads\/sites\/20\/2020\/02\/header-estri13.jpg","articleSection":["Sin categorizar"],"inLanguage":"es"},{"@type":"WebPage","@id":"https:\/\/www.ilcf.net\/es\/visita-europa\/","url":"https:\/\/www.ilcf.net\/es\/visita-europa\/","name":"Visita Europa - ILCF - Institut de Langue et de Culture Fran\u00e7aises","isPartOf":{"@id":"https:\/\/www.ilcf.net\/es\/#website"},"primaryImageOfPage":{"@id":"https:\/\/www.ilcf.net\/es\/visita-europa\/#primaryimage"},"image":{"@id":"https:\/\/www.ilcf.net\/es\/visita-europa\/#primaryimage"},"thumbnailUrl":"https:\/\/www.ilcf.net\/wp-content\/uploads\/sites\/20\/2020\/02\/header-estri13.jpg","datePublished":"2020-02-05T07:56:21+00:00","dateModified":"2020-02-06T08:39:56+00:00","description":"Lyon es una capital internacional comunicada con las grandes ciudades europeas mediante el Eurail Global Pass y el aeropuerto internacional de Saint-Exup\u00e9ry","breadcrumb":{"@id":"https:\/\/www.ilcf.net\/es\/visita-europa\/#breadcrumb"},"inLanguage":"es","potentialAction":[{"@type":"ReadAction","target":["https:\/\/www.ilcf.net\/es\/visita-europa\/"]}]},{"@type":"ImageObject","inLanguage":"es","@id":"https:\/\/www.ilcf.net\/es\/visita-europa\/#primaryimage","url":"https:\/\/www.ilcf.net\/wp-content\/uploads\/sites\/20\/2020\/02\/header-estri13.jpg","contentUrl":"https:\/\/www.ilcf.net\/wp-content\/uploads\/sites\/20\/2020\/02\/header-estri13.jpg","width":1920,"height":575,"caption":"Formalit\u00e9s administratives ILCF"},{"@type":"BreadcrumbList","@id":"https:\/\/www.ilcf.net\/es\/visita-europa\/#breadcrumb","itemListElement":[{"@type":"ListItem","position":1,"name":"Accueil","item":"https:\/\/www.ilcf.net\/es\/"},{"@type":"ListItem","position":2,"name":"Visita Europa"}]},{"@type":"WebSite","@id":"https:\/\/www.ilcf.net\/es\/#website","url":"https:\/\/www.ilcf.net\/es\/","name":"ILCF - Institut de Langue et de Culture Fran\u00e7aises","description":"ILCF - Institut de Langue et de Culture Fran\u00e7aises","publisher":{"@id":"https:\/\/www.ilcf.net\/es\/#organization"},"potentialAction":[{"@type":"SearchAction","target":{"@type":"EntryPoint","urlTemplate":"https:\/\/www.ilcf.net\/es\/?s={search_term_string}"},"query-input":{"@type":"PropertyValueSpecification","valueRequired":true,"valueName":"search_term_string"}}],"inLanguage":"es"},{"@type":"Organization","@id":"https:\/\/www.ilcf.net\/es\/#organization","name":"ILCF - Institut de Langue et de Culture Fran\u00e7aises","url":"https:\/\/www.ilcf.net\/es\/","logo":{"@type":"ImageObject","inLanguage":"es","@id":"https:\/\/www.ilcf.net\/es\/#\/schema\/logo\/image\/","url":"https:\/\/www.ilcf.net\/wp-content\/uploads\/sites\/20\/2019\/11\/ilcf_logo.svg","contentUrl":"https:\/\/www.ilcf.net\/wp-content\/uploads\/sites\/20\/2019\/11\/ilcf_logo.svg","caption":"ILCF - Institut de Langue et de Culture Fran\u00e7aises"},"image":{"@id":"https:\/\/www.ilcf.net\/es\/#\/schema\/logo\/image\/"}},{"@type":"Person","@id":"https:\/\/www.ilcf.net\/es\/#\/schema\/person\/b6830b810fa3a9b1a461d143341c683a","name":"nrockenstrocly","url":"https:\/\/www.ilcf.net\/es\/author\/nrockenstrocly\/"}]}},"_links":{"self":[{"href":"https:\/\/www.ilcf.net\/es\/wp-json\/wp\/v2\/posts\/6190","targetHints":{"allow":["GET"]}}],"collection":[{"href":"https:\/\/www.ilcf.net\/es\/wp-json\/wp\/v2\/posts"}],"about":[{"href":"https:\/\/www.ilcf.net\/es\/wp-json\/wp\/v2\/types\/post"}],"author":[{"embeddable":true,"href":"https:\/\/www.ilcf.net\/es\/wp-json\/wp\/v2\/users\/32"}],"replies":[{"embeddable":true,"href":"https:\/\/www.ilcf.net\/es\/wp-json\/wp\/v2\/comments?post=6190"}],"version-history":[{"count":12,"href":"https:\/\/www.ilcf.net\/es\/wp-json\/wp\/v2\/posts\/6190\/revisions"}],"predecessor-version":[{"id":6731,"href":"https:\/\/www.ilcf.net\/es\/wp-json\/wp\/v2\/posts\/6190\/revisions\/6731"}],"wp:featuredmedia":[{"embeddable":true,"href":"https:\/\/www.ilcf.net\/es\/wp-json\/wp\/v2\/media\/6569"}],"wp:attachment":[{"href":"https:\/\/www.ilcf.net\/es\/wp-json\/wp\/v2\/media?parent=6190"}],"wp:term":[{"taxonomy":"category","embeddable":true,"href":"https:\/\/www.ilcf.net\/es\/wp-json\/wp\/v2\/categories?post=6190"},{"taxonomy":"post_tag","embeddable":true,"href":"https:\/\/www.ilcf.net\/es\/wp-json\/wp\/v2\/tags?post=6190"}],"curies":[{"name":"wp","href":"https:\/\/api.w.org\/{rel}","templated":true}]}}