{"id":14990,"date":"2021-12-16T17:30:38","date_gmt":"2021-12-16T16:30:38","guid":{"rendered":"https:\/\/www.ilcf.net\/?p=14990"},"modified":"2022-01-10T17:47:35","modified_gmt":"2022-01-10T16:47:35","slug":"el-ilcf-lyon-acaba-de-crear-su-summer-school-en-annecy","status":"publish","type":"post","link":"https:\/\/www.ilcf.net\/es\/el-ilcf-lyon-acaba-de-crear-su-summer-school-en-annecy\/","title":{"rendered":"El ILCF-Lyon acaba de crear su Summer School en Annecy"},"content":{"rendered":"<h2 class=\"wp-block-heading\">Aprender el idioma franc\u00e8s entre lagos y monta\u00f1as<\/h2><p>El ILCF-Lyon, colocado en el coraz\u00f3n de la regi\u00f3n Auvergne-Rh\u00f4ne-Alpes, dispone de un territorio excepcional. La UCLy aprovech\u00f3 la oportunidad y abr\u00f3, en septiembre de 2020, un nuevo Campus en Annecy, Haute-Savoie. Entre lagos y monta\u00f1as, esta ciudad disfruta de un entorno agradable especialmente en verano. Aprenda el Franc\u00e8s en nuestros locales recien abiertos, tome parte en nuestras actividades culturales y disfrute de condiciones ideales para aprender el idioma y descubrir la cultura francesa&nbsp;!<\/p><h2 class=\"wp-block-heading\">Un mes de clase y de actividades en julio de 2022<\/h2><p>Este programa, desde el 4 hasta el 22 de julio de 2022, se dirige a grupos de estudiantes internacionales ya constituidos que tienen el mismo nivel (A1 a B2). 120 horas de formaci\u00f3n incluyendo clases, aprendizaje en autonom\u00eda y actividades culturales.<\/p><p>El alojamiento en una residencia estudiantil (en el coraz\u00f3n de Annecy) esta incluido.<\/p><div class=\"wp-block-document js-fade-scroll\">\n  <div class=\"row align-middle collapse\">\n    <div class=\"column small-12 medium-expand\">\n      <p class=\"wp-block-document-title\">Para informaci\u00f3n adicional sobre el programa (franc\u00e8s)<\/p>\n      <div class=\"wp-block-document-intro\"><p>Encontrara todas las informaciones descargando nuestros materiales !<\/p>\n<\/div>\n      <a href=\"https:\/\/www.ilcf.net\/wp-content\/uploads\/sites\/20\/2021\/12\/ilcf-summer-school-annecy-fr-en-vf.pdf\" target=\"_blank\" class=\"button primary button-icon\" title=\"Descargar Para informaci\u00f3n adicional sobre el programa (franc\u00e8s)\"><span class=\"icon-download\"><\/span>Descargar<\/a>\n    <\/div>\n\n    <div class=\"column small-12 medium-shrink wp-block-document-right\">\n      <img loading=\"lazy\" decoding=\"async\" width=\"150\" height=\"150\" src=\"https:\/\/www.ilcf.net\/wp-content\/uploads\/sites\/20\/2019\/11\/telecharger-le-pdf-1-150x150-150x150.png\" class=\"attachment-thumbnail size-thumbnail\" alt=\"\" srcset=\"https:\/\/www.ilcf.net\/wp-content\/uploads\/sites\/20\/2019\/11\/telecharger-le-pdf-1-150x150.png 150w, https:\/\/www.ilcf.net\/wp-content\/uploads\/sites\/20\/2019\/11\/telecharger-le-pdf-1-150x150-65x65.png 65w\" sizes=\"auto, (max-width: 150px) 100vw, 150px\" \/>    <\/div>\n  <\/div>\n<\/div><div class=\"wp-block-contact js-fade-scroll\">\n  <p class=\"wp-block-contact-title\">Cont\u00e1ctenos<\/p>\n\n        <div class=\"contact-info\">\n        <p class=\"contact-item\">\n          <span class=\"contact-strong\">ILCF<\/span><br>\n          <span class=\"contact-light\"><\/span>\n        <\/p>\n        <span class=\"contact-separate\"><\/span>\n        <p class=\"contact-item\">\n          <a class=\"icon-phone contact-button show-for-small-only\" href=\"tel:+33(0)4 72 32 50 53\"><\/a>\n          <span class=\"contact-strong hide-for-small-only\">+33(0)4 72 32 50 53<\/span><br>\n          <a class=\"icon-mail contact-button show-for-small-only\" href=\"mailto:ilcf@univ-catholyon.fr\"><\/a>\n          <span class=\"contact-light hide-for-small-only\">ilcf@univ-catholyon.fr<\/span>\n        <\/p>\n      <\/div>\n    <\/div>","protected":false},"excerpt":{"rendered":"<p>Aprender el idioma franc\u00e8s entre lagos y monta\u00f1asEl ILCF-Lyon, colocado en el coraz\u00f3n de la regi\u00f3n Auvergne-Rh\u00f4ne-Alpes, dispone de un territorio excepcional. La UCLy [&hellip;]<\/p>\n","protected":false},"author":33,"featured_media":14611,"comment_status":"closed","ping_status":"closed","sticky":false,"template":"","format":"standard","meta":{"_acf_changed":false,"footnotes":""},"categories":[144],"tags":[],"class_list":["post-14990","post","type-post","status-publish","format-standard","has-post-thumbnail","hentry","category-sin-categorizar"],"acf":[],"yoast_head":"<!-- This site is optimized with the Yoast SEO plugin v24.1 - https:\/\/yoast.com\/wordpress\/plugins\/seo\/ -->\n<title>El ILCF-Lyon acaba de crear su Summer School en Annecy - ILCF - Institut de Langue et de Culture Fran\u00e7aises<\/title>\n<meta name=\"robots\" content=\"index, follow, max-snippet:-1, max-image-preview:large, max-video-preview:-1\" \/>\n<link rel=\"canonical\" href=\"https:\/\/www.ilcf.net\/es\/el-ilcf-lyon-acaba-de-crear-su-summer-school-en-annecy\/\" \/>\n<meta property=\"og:locale\" content=\"es_ES\" \/>\n<meta property=\"og:type\" content=\"article\" \/>\n<meta property=\"og:title\" content=\"El ILCF-Lyon acaba de crear su Summer School en Annecy - ILCF - Institut de Langue et de Culture Fran\u00e7aises\" \/>\n<meta property=\"og:description\" content=\"Aprender el idioma franc\u00e8s entre lagos y monta\u00f1asEl ILCF-Lyon, colocado en el coraz\u00f3n de la regi\u00f3n Auvergne-Rh\u00f4ne-Alpes, dispone de un territorio excepcional. La UCLy [&hellip;]\" \/>\n<meta property=\"og:url\" content=\"https:\/\/www.ilcf.net\/es\/el-ilcf-lyon-acaba-de-crear-su-summer-school-en-annecy\/\" \/>\n<meta property=\"og:site_name\" content=\"ILCF - Institut de Langue et de Culture Fran\u00e7aises\" \/>\n<meta property=\"article:published_time\" content=\"2021-12-16T16:30:38+00:00\" \/>\n<meta property=\"article:modified_time\" content=\"2022-01-10T16:47:35+00:00\" \/>\n<meta property=\"og:image\" content=\"https:\/\/www.ilcf.net\/wp-content\/uploads\/sites\/20\/2021\/12\/summer-school-annecy.jpg\" \/>\n\t<meta property=\"og:image:width\" content=\"520\" \/>\n\t<meta property=\"og:image:height\" content=\"520\" \/>\n\t<meta property=\"og:image:type\" content=\"image\/jpeg\" \/>\n<meta name=\"author\" content=\"anicarddesrieux\" \/>\n<meta name=\"twitter:card\" content=\"summary_large_image\" \/>\n<meta name=\"twitter:label1\" content=\"Escrito por\" \/>\n\t<meta name=\"twitter:data1\" content=\"anicarddesrieux\" \/>\n\t<meta name=\"twitter:label2\" content=\"Tiempo de lectura\" \/>\n\t<meta name=\"twitter:data2\" content=\"1 minuto\" \/>\n<script type=\"application\/ld+json\" class=\"yoast-schema-graph\">{\"@context\":\"https:\/\/schema.org\",\"@graph\":[{\"@type\":\"Article\",\"@id\":\"https:\/\/www.ilcf.net\/es\/el-ilcf-lyon-acaba-de-crear-su-summer-school-en-annecy\/#article\",\"isPartOf\":{\"@id\":\"https:\/\/www.ilcf.net\/es\/el-ilcf-lyon-acaba-de-crear-su-summer-school-en-annecy\/\"},\"author\":{\"name\":\"anicarddesrieux\",\"@id\":\"https:\/\/www.ilcf.net\/es\/#\/schema\/person\/1a051bd3b9dc48988d0dd9c365487e8f\"},\"headline\":\"El ILCF-Lyon acaba de crear su Summer School en Annecy\",\"datePublished\":\"2021-12-16T16:30:38+00:00\",\"dateModified\":\"2022-01-10T16:47:35+00:00\",\"mainEntityOfPage\":{\"@id\":\"https:\/\/www.ilcf.net\/es\/el-ilcf-lyon-acaba-de-crear-su-summer-school-en-annecy\/\"},\"wordCount\":162,\"publisher\":{\"@id\":\"https:\/\/www.ilcf.net\/es\/#organization\"},\"image\":{\"@id\":\"https:\/\/www.ilcf.net\/es\/el-ilcf-lyon-acaba-de-crear-su-summer-school-en-annecy\/#primaryimage\"},\"thumbnailUrl\":\"https:\/\/www.ilcf.net\/wp-content\/uploads\/sites\/20\/2021\/12\/summer-school-annecy.jpg\",\"articleSection\":[\"Sin categorizar\"],\"inLanguage\":\"es\"},{\"@type\":\"WebPage\",\"@id\":\"https:\/\/www.ilcf.net\/es\/el-ilcf-lyon-acaba-de-crear-su-summer-school-en-annecy\/\",\"url\":\"https:\/\/www.ilcf.net\/es\/el-ilcf-lyon-acaba-de-crear-su-summer-school-en-annecy\/\",\"name\":\"El ILCF-Lyon acaba de crear su Summer School en Annecy - ILCF - Institut de Langue et de Culture Fran\u00e7aises\",\"isPartOf\":{\"@id\":\"https:\/\/www.ilcf.net\/es\/#website\"},\"primaryImageOfPage\":{\"@id\":\"https:\/\/www.ilcf.net\/es\/el-ilcf-lyon-acaba-de-crear-su-summer-school-en-annecy\/#primaryimage\"},\"image\":{\"@id\":\"https:\/\/www.ilcf.net\/es\/el-ilcf-lyon-acaba-de-crear-su-summer-school-en-annecy\/#primaryimage\"},\"thumbnailUrl\":\"https:\/\/www.ilcf.net\/wp-content\/uploads\/sites\/20\/2021\/12\/summer-school-annecy.jpg\",\"datePublished\":\"2021-12-16T16:30:38+00:00\",\"dateModified\":\"2022-01-10T16:47:35+00:00\",\"breadcrumb\":{\"@id\":\"https:\/\/www.ilcf.net\/es\/el-ilcf-lyon-acaba-de-crear-su-summer-school-en-annecy\/#breadcrumb\"},\"inLanguage\":\"es\",\"potentialAction\":[{\"@type\":\"ReadAction\",\"target\":[\"https:\/\/www.ilcf.net\/es\/el-ilcf-lyon-acaba-de-crear-su-summer-school-en-annecy\/\"]}]},{\"@type\":\"ImageObject\",\"inLanguage\":\"es\",\"@id\":\"https:\/\/www.ilcf.net\/es\/el-ilcf-lyon-acaba-de-crear-su-summer-school-en-annecy\/#primaryimage\",\"url\":\"https:\/\/www.ilcf.net\/wp-content\/uploads\/sites\/20\/2021\/12\/summer-school-annecy.jpg\",\"contentUrl\":\"https:\/\/www.ilcf.net\/wp-content\/uploads\/sites\/20\/2021\/12\/summer-school-annecy.jpg\",\"width\":520,\"height\":520,\"caption\":\"Summer School Annecy\"},{\"@type\":\"BreadcrumbList\",\"@id\":\"https:\/\/www.ilcf.net\/es\/el-ilcf-lyon-acaba-de-crear-su-summer-school-en-annecy\/#breadcrumb\",\"itemListElement\":[{\"@type\":\"ListItem\",\"position\":1,\"name\":\"Accueil\",\"item\":\"https:\/\/www.ilcf.net\/es\/\"},{\"@type\":\"ListItem\",\"position\":2,\"name\":\"El ILCF-Lyon acaba de crear su Summer School en Annecy\"}]},{\"@type\":\"WebSite\",\"@id\":\"https:\/\/www.ilcf.net\/es\/#website\",\"url\":\"https:\/\/www.ilcf.net\/es\/\",\"name\":\"ILCF - Institut de Langue et de Culture Fran\u00e7aises\",\"description\":\"ILCF - Institut de Langue et de Culture Fran\u00e7aises\",\"publisher\":{\"@id\":\"https:\/\/www.ilcf.net\/es\/#organization\"},\"potentialAction\":[{\"@type\":\"SearchAction\",\"target\":{\"@type\":\"EntryPoint\",\"urlTemplate\":\"https:\/\/www.ilcf.net\/es\/?s={search_term_string}\"},\"query-input\":{\"@type\":\"PropertyValueSpecification\",\"valueRequired\":true,\"valueName\":\"search_term_string\"}}],\"inLanguage\":\"es\"},{\"@type\":\"Organization\",\"@id\":\"https:\/\/www.ilcf.net\/es\/#organization\",\"name\":\"ILCF - Institut de Langue et de Culture Fran\u00e7aises\",\"url\":\"https:\/\/www.ilcf.net\/es\/\",\"logo\":{\"@type\":\"ImageObject\",\"inLanguage\":\"es\",\"@id\":\"https:\/\/www.ilcf.net\/es\/#\/schema\/logo\/image\/\",\"url\":\"https:\/\/www.ilcf.net\/wp-content\/uploads\/sites\/20\/2019\/11\/ilcf_logo.svg\",\"contentUrl\":\"https:\/\/www.ilcf.net\/wp-content\/uploads\/sites\/20\/2019\/11\/ilcf_logo.svg\",\"caption\":\"ILCF - Institut de Langue et de Culture Fran\u00e7aises\"},\"image\":{\"@id\":\"https:\/\/www.ilcf.net\/es\/#\/schema\/logo\/image\/\"}},{\"@type\":\"Person\",\"@id\":\"https:\/\/www.ilcf.net\/es\/#\/schema\/person\/1a051bd3b9dc48988d0dd9c365487e8f\",\"name\":\"anicarddesrieux\",\"url\":\"https:\/\/www.ilcf.net\/es\/author\/anicarddesrieux\/\"}]}<\/script>\n<!-- \/ Yoast SEO plugin. -->","yoast_head_json":{"title":"El ILCF-Lyon acaba de crear su Summer School en Annecy - ILCF - Institut de Langue et de Culture Fran\u00e7aises","robots":{"index":"index","follow":"follow","max-snippet":"max-snippet:-1","max-image-preview":"max-image-preview:large","max-video-preview":"max-video-preview:-1"},"canonical":"https:\/\/www.ilcf.net\/es\/el-ilcf-lyon-acaba-de-crear-su-summer-school-en-annecy\/","og_locale":"es_ES","og_type":"article","og_title":"El ILCF-Lyon acaba de crear su Summer School en Annecy - ILCF - Institut de Langue et de Culture Fran\u00e7aises","og_description":"Aprender el idioma franc\u00e8s entre lagos y monta\u00f1asEl ILCF-Lyon, colocado en el coraz\u00f3n de la regi\u00f3n Auvergne-Rh\u00f4ne-Alpes, dispone de un territorio excepcional. La UCLy [&hellip;]","og_url":"https:\/\/www.ilcf.net\/es\/el-ilcf-lyon-acaba-de-crear-su-summer-school-en-annecy\/","og_site_name":"ILCF - Institut de Langue et de Culture Fran\u00e7aises","article_published_time":"2021-12-16T16:30:38+00:00","article_modified_time":"2022-01-10T16:47:35+00:00","og_image":[{"width":520,"height":520,"url":"https:\/\/www.ilcf.net\/wp-content\/uploads\/sites\/20\/2021\/12\/summer-school-annecy.jpg","type":"image\/jpeg"}],"author":"anicarddesrieux","twitter_card":"summary_large_image","twitter_misc":{"Escrito por":"anicarddesrieux","Tiempo de lectura":"1 minuto"},"schema":{"@context":"https:\/\/schema.org","@graph":[{"@type":"Article","@id":"https:\/\/www.ilcf.net\/es\/el-ilcf-lyon-acaba-de-crear-su-summer-school-en-annecy\/#article","isPartOf":{"@id":"https:\/\/www.ilcf.net\/es\/el-ilcf-lyon-acaba-de-crear-su-summer-school-en-annecy\/"},"author":{"name":"anicarddesrieux","@id":"https:\/\/www.ilcf.net\/es\/#\/schema\/person\/1a051bd3b9dc48988d0dd9c365487e8f"},"headline":"El ILCF-Lyon acaba de crear su Summer School en Annecy","datePublished":"2021-12-16T16:30:38+00:00","dateModified":"2022-01-10T16:47:35+00:00","mainEntityOfPage":{"@id":"https:\/\/www.ilcf.net\/es\/el-ilcf-lyon-acaba-de-crear-su-summer-school-en-annecy\/"},"wordCount":162,"publisher":{"@id":"https:\/\/www.ilcf.net\/es\/#organization"},"image":{"@id":"https:\/\/www.ilcf.net\/es\/el-ilcf-lyon-acaba-de-crear-su-summer-school-en-annecy\/#primaryimage"},"thumbnailUrl":"https:\/\/www.ilcf.net\/wp-content\/uploads\/sites\/20\/2021\/12\/summer-school-annecy.jpg","articleSection":["Sin categorizar"],"inLanguage":"es"},{"@type":"WebPage","@id":"https:\/\/www.ilcf.net\/es\/el-ilcf-lyon-acaba-de-crear-su-summer-school-en-annecy\/","url":"https:\/\/www.ilcf.net\/es\/el-ilcf-lyon-acaba-de-crear-su-summer-school-en-annecy\/","name":"El ILCF-Lyon acaba de crear su Summer School en Annecy - ILCF - Institut de Langue et de Culture Fran\u00e7aises","isPartOf":{"@id":"https:\/\/www.ilcf.net\/es\/#website"},"primaryImageOfPage":{"@id":"https:\/\/www.ilcf.net\/es\/el-ilcf-lyon-acaba-de-crear-su-summer-school-en-annecy\/#primaryimage"},"image":{"@id":"https:\/\/www.ilcf.net\/es\/el-ilcf-lyon-acaba-de-crear-su-summer-school-en-annecy\/#primaryimage"},"thumbnailUrl":"https:\/\/www.ilcf.net\/wp-content\/uploads\/sites\/20\/2021\/12\/summer-school-annecy.jpg","datePublished":"2021-12-16T16:30:38+00:00","dateModified":"2022-01-10T16:47:35+00:00","breadcrumb":{"@id":"https:\/\/www.ilcf.net\/es\/el-ilcf-lyon-acaba-de-crear-su-summer-school-en-annecy\/#breadcrumb"},"inLanguage":"es","potentialAction":[{"@type":"ReadAction","target":["https:\/\/www.ilcf.net\/es\/el-ilcf-lyon-acaba-de-crear-su-summer-school-en-annecy\/"]}]},{"@type":"ImageObject","inLanguage":"es","@id":"https:\/\/www.ilcf.net\/es\/el-ilcf-lyon-acaba-de-crear-su-summer-school-en-annecy\/#primaryimage","url":"https:\/\/www.ilcf.net\/wp-content\/uploads\/sites\/20\/2021\/12\/summer-school-annecy.jpg","contentUrl":"https:\/\/www.ilcf.net\/wp-content\/uploads\/sites\/20\/2021\/12\/summer-school-annecy.jpg","width":520,"height":520,"caption":"Summer School Annecy"},{"@type":"BreadcrumbList","@id":"https:\/\/www.ilcf.net\/es\/el-ilcf-lyon-acaba-de-crear-su-summer-school-en-annecy\/#breadcrumb","itemListElement":[{"@type":"ListItem","position":1,"name":"Accueil","item":"https:\/\/www.ilcf.net\/es\/"},{"@type":"ListItem","position":2,"name":"El ILCF-Lyon acaba de crear su Summer School en Annecy"}]},{"@type":"WebSite","@id":"https:\/\/www.ilcf.net\/es\/#website","url":"https:\/\/www.ilcf.net\/es\/","name":"ILCF - Institut de Langue et de Culture Fran\u00e7aises","description":"ILCF - Institut de Langue et de Culture Fran\u00e7aises","publisher":{"@id":"https:\/\/www.ilcf.net\/es\/#organization"},"potentialAction":[{"@type":"SearchAction","target":{"@type":"EntryPoint","urlTemplate":"https:\/\/www.ilcf.net\/es\/?s={search_term_string}"},"query-input":{"@type":"PropertyValueSpecification","valueRequired":true,"valueName":"search_term_string"}}],"inLanguage":"es"},{"@type":"Organization","@id":"https:\/\/www.ilcf.net\/es\/#organization","name":"ILCF - Institut de Langue et de Culture Fran\u00e7aises","url":"https:\/\/www.ilcf.net\/es\/","logo":{"@type":"ImageObject","inLanguage":"es","@id":"https:\/\/www.ilcf.net\/es\/#\/schema\/logo\/image\/","url":"https:\/\/www.ilcf.net\/wp-content\/uploads\/sites\/20\/2019\/11\/ilcf_logo.svg","contentUrl":"https:\/\/www.ilcf.net\/wp-content\/uploads\/sites\/20\/2019\/11\/ilcf_logo.svg","caption":"ILCF - Institut de Langue et de Culture Fran\u00e7aises"},"image":{"@id":"https:\/\/www.ilcf.net\/es\/#\/schema\/logo\/image\/"}},{"@type":"Person","@id":"https:\/\/www.ilcf.net\/es\/#\/schema\/person\/1a051bd3b9dc48988d0dd9c365487e8f","name":"anicarddesrieux","url":"https:\/\/www.ilcf.net\/es\/author\/anicarddesrieux\/"}]}},"_links":{"self":[{"href":"https:\/\/www.ilcf.net\/es\/wp-json\/wp\/v2\/posts\/14990","targetHints":{"allow":["GET"]}}],"collection":[{"href":"https:\/\/www.ilcf.net\/es\/wp-json\/wp\/v2\/posts"}],"about":[{"href":"https:\/\/www.ilcf.net\/es\/wp-json\/wp\/v2\/types\/post"}],"author":[{"embeddable":true,"href":"https:\/\/www.ilcf.net\/es\/wp-json\/wp\/v2\/users\/33"}],"replies":[{"embeddable":true,"href":"https:\/\/www.ilcf.net\/es\/wp-json\/wp\/v2\/comments?post=14990"}],"version-history":[{"count":2,"href":"https:\/\/www.ilcf.net\/es\/wp-json\/wp\/v2\/posts\/14990\/revisions"}],"predecessor-version":[{"id":14993,"href":"https:\/\/www.ilcf.net\/es\/wp-json\/wp\/v2\/posts\/14990\/revisions\/14993"}],"wp:featuredmedia":[{"embeddable":true,"href":"https:\/\/www.ilcf.net\/es\/wp-json\/wp\/v2\/media\/14611"}],"wp:attachment":[{"href":"https:\/\/www.ilcf.net\/es\/wp-json\/wp\/v2\/media?parent=14990"}],"wp:term":[{"taxonomy":"category","embeddable":true,"href":"https:\/\/www.ilcf.net\/es\/wp-json\/wp\/v2\/categories?post=14990"},{"taxonomy":"post_tag","embeddable":true,"href":"https:\/\/www.ilcf.net\/es\/wp-json\/wp\/v2\/tags?post=14990"}],"curies":[{"name":"wp","href":"https:\/\/api.w.org\/{rel}","templated":true}]}}