{"id":26289,"date":"2025-10-15T15:07:48","date_gmt":"2025-10-15T13:07:48","guid":{"rendered":"https:\/\/www.ilcf.net\/?p=26289"},"modified":"2025-10-29T09:22:20","modified_gmt":"2025-10-29T08:22:20","slug":"the-health-center-at-every-students-service","status":"publish","type":"post","link":"https:\/\/www.ilcf.net\/en\/the-health-center-at-every-students-service\/","title":{"rendered":"The Health Center at every student's service"},"content":{"rendered":"<p>The UCLy Health Center, made up of several services, supports students in their daily lives regarding all aspects of health \u2014 physical, mental, and social.<\/p><p>Discover the testimony of Marie-Charlotte BOURDEL, the university physician at UCLy, who shares her perspective on the various forms of assistance and resources offered by this division, of which she is the head.<\/p><div class=\"wp-block-media-text is-stacked-on-mobile\"><figure class=\"wp-block-media-text__media\"><img loading=\"lazy\" decoding=\"async\" width=\"1702\" height=\"2560\" src=\"https:\/\/www.ilcf.net\/wp-content\/uploads\/sites\/20\/2025\/10\/photo-m-c-bourdel-scaled.jpg\" alt=\"\" class=\"wp-image-26259 size-full\" srcset=\"https:\/\/www.ilcf.net\/wp-content\/uploads\/sites\/20\/2025\/10\/photo-m-c-bourdel-scaled.jpg 1702w, https:\/\/www.ilcf.net\/wp-content\/uploads\/sites\/20\/2025\/10\/photo-m-c-bourdel-1021x1536.jpg 1021w, https:\/\/www.ilcf.net\/wp-content\/uploads\/sites\/20\/2025\/10\/photo-m-c-bourdel-1362x2048.jpg 1362w, https:\/\/www.ilcf.net\/wp-content\/uploads\/sites\/20\/2025\/10\/photo-m-c-bourdel-93x140.jpg 93w, https:\/\/www.ilcf.net\/wp-content\/uploads\/sites\/20\/2025\/10\/photo-m-c-bourdel-520x782.jpg 520w, https:\/\/www.ilcf.net\/wp-content\/uploads\/sites\/20\/2025\/10\/photo-m-c-bourdel-494x743.jpg 494w\" sizes=\"auto, (max-width: 1702px) 100vw, 1702px\" \/><\/figure><div class=\"wp-block-media-text__content\"><p><\/p>\n\n<div class=\"wp-block-quote-container js-fade-scroll\"><blockquote class=\"wp-block-quote is-layout-flow wp-block-quote-is-layout-flow\"><p>Hello, I am Doctor Marie-Charlotte BOURDEL, a physician at the Catholic University of Lyon. After completing a traditional course in general medicine, I decided to focus on <strong>preventive medicine<\/strong> at UCLy, where I now support students in their overall health.<\/p><\/blockquote><\/div><\/div><\/div><h2 class=\"wp-block-heading\">Could you describe what preventive medicine is?<\/h2><p><strong>Preventive medicine is structured around three levels<\/strong>: primary, secondary, and tertiary. At UCLy, we focus primarily on <strong>primary prevention<\/strong>, which means taking action upstream to prevent the onset of diseases among students. In concrete terms, this means raising awareness of key issues affecting their daily health: <strong>sleep-wake balance<\/strong> to prevent disorders linked to lack of rest, <strong>sexual health<\/strong>, <strong>balanced diet<\/strong>, and stress management. Our goal? To give them the keys to maintaining their life balance and overall well-being.<\/p><h2 class=\"wp-block-heading\">The Health Center encompasses other services offered to our students. Could you tell us more?<\/h2><p>The UCLy Health Center brings together several complementary services dedicated to students\u2019 well-being:<\/p><p>\u2022 <strong>A psychologist<\/strong> provides the <a href=\"https:\/\/www.ucly.fr\/vie-etudiante\/services-aux-etudiants\/sante-handicap-pole-sante\/point-ecoute\/\">Point \u00c9coute<\/a> service. They do not conduct psychotherapy but offer guidance to students facing difficulties, particularly during the sometimes challenging transition from high school to university life. This role is essential in preventing isolation or uneasiness.<\/p><p>\u2022 <strong>A <a href=\"https:\/\/www.ucly.fr\/vie-etudiante\/services-aux-etudiants\/sante-handicap-pole-sante\/medecine-preventive\/\">nurse<\/a><\/strong> is available on campus for daily consultations and to conduct health check-ups. Although not a doctor, she can assess students\u2019 health and refer them to the appropriate professionals if necessary..<\/p><p>\u2022 <strong>A <a href=\"https:\/\/www.ucly.fr\/vie-etudiante\/services-aux-etudiants\/sante-handicap-pole-sante\/medecine-preventive\/\">midwife<\/a><\/strong> offers gynecological consultations for young women \u2014 at an age when taking care of one\u2019s health is especially important.<\/p><p>\u2022 <strong>A <a href=\"https:\/\/www.ucly.fr\/vie-etudiante\/services-aux-etudiants\/sante-handicap-pole-sante\/etudiant-en-situation-de-handicap\/\">Disability Support Officer<\/a><\/strong>, a central component of the Health Center: she supports students with disabilities to promote their academic success by implementing appropriate adjustments during classes and exams. The goal? To ensure that everyone has the same opportunities for success.<\/p><p>\u2022 Finally, <strong>as the <a href=\"https:\/\/www.ucly.fr\/vie-etudiante\/services-aux-etudiants\/sante-handicap-pole-sante\/medecine-preventive\/\">university physician<\/a><\/strong>, I meet with students throughout their studies, ideally in their first year, to assess their general health (physical, psychological, social). This check-up allows me to detect any medical conditions or disabilities and refer them to the appropriate support services.<\/p><div class=\"wp-block-video js-fade-scroll\">\n  <div class=\"plyr__video-embed js-player\">\n    <iframe src=\"https:\/\/www.youtube.com\/embed\/_Ki1tBJW8Bw?origin=https:\/\/plyr.io&amp;iv_load_policy=3&amp;modestbranding=1&amp;playsinline=1&amp;showinfo=0&amp;rel=0&amp;enablejsapi=1\" allowfullscreen allowtransparency allow=\"autoplay\" poster=\"\" ratio=\"4:3\"><\/iframe>\n  <\/div>\n<\/div><h2 class=\"wp-block-heading\">Why is it important for students to have access to all these services?<\/h2><p>Access to these services is crucial for students because they are often far from home. They no longer have contact with their regular doctor. If they ever have a health concern, they don't know who to turn to. They find it easier to come to us.<br>Most students are young, apparently healthy, and not used to seeing a doctor. By welcoming them for preventive consultations, we can identify disorders or vulnerabilities at an early stage and refer them to the necessary care or support before the situation worsens.<\/p><h2 class=\"wp-block-heading\">What would you say to our international students, who may not naturally think to come see you?<\/h2><p>Know that you are welcome at the UCLy health center, without reservation. We are here to support you regardless of your country of origin or your level of French.<br>We understand that the language barrier can sometimes seem intimidating, but rest assured: we have IT tools to facilitate communication and make our exchanges smooth. Don't let this apprehension prevent you from coming to see us\u2014on the contrary, your health is our priority.<\/p><p><strong>Don't hesitate, come and meet us<\/strong>\u2014we are here to listen to you and help you feel good, both physically and mentally, throughout your studies.<\/p><div class=\"wp-block-video js-fade-scroll\">\n  <div class=\"plyr__video-embed js-player\">\n    <iframe src=\"https:\/\/www.youtube.com\/embed\/Ba6hzpxWQI8?origin=https:\/\/plyr.io&amp;iv_load_policy=3&amp;modestbranding=1&amp;playsinline=1&amp;showinfo=0&amp;rel=0&amp;enablejsapi=1\" allowfullscreen allowtransparency allow=\"autoplay\" poster=\"\" ratio=\"4:3\"><\/iframe>\n  <\/div>\n<\/div><div class=\"wp-block-cross-content js-fade-scroll\">\n    <p class=\"wp-block-cross-content-title\">To go even further<\/p>\n            <div class=\"row wp-block-cross-content-row\">\n                                <div class=\"column small-12 medium-6 large-4 wp-block-cross-content-col\">\n                        <a class=\"wp-block-cross-content-top\" href=\"https:\/\/www.ilcf.net\/en\/ucly-150-years-in-service-of-students\/\" title=\"UCLy : 150 years in service of students\">\n                            <span class=\"wp-block-cross-content-name\">UCLy : 150 years in service of students<\/span>\n                            <span class=\"wp-block-cross-content-image\"><img loading=\"lazy\" decoding=\"async\" width=\"500\" height=\"570\" src=\"https:\/\/www.ilcf.net\/wp-content\/uploads\/sites\/20\/2020\/12\/ucly-1875-creation-facade-histoire-500x570.png\" class=\" wp-post-image\" alt=\"\" \/><\/span>\n                            <span class=\"wp-block-cross-content-more\">\n                                <span class=\"icon-more\"><\/span>\n                            <\/span>\n                        <\/a>\n                        <div class=\"wp-block-cross-content-excerpt\"><p>Founded in 1875, the Catholic University of Lyon is celebrating its 149th birthday in 2024 ! Open on the world and in tune with social evolutions, UCLy has kept growing, creating new programs and sponsoring research at the crossroad between science and humanities.<\/p>\n<\/div>\n                    <\/div>\n                                                <div class=\"column small-12 medium-6 large-4 wp-block-cross-content-col\">\n                        <a class=\"wp-block-cross-content-top\" href=\"https:\/\/www.ilcf.net\/en\/the-ilcf-recieves-the-renewal-of-its-fle-quality-label\/\" title=\"The ILCF recieves the renewal of its FLE Quality label!\">\n                            <span class=\"wp-block-cross-content-name\">The ILCF recieves the renewal of its FLE Quality label!<\/span>\n                            <span class=\"wp-block-cross-content-image\"><img loading=\"lazy\" decoding=\"async\" width=\"630\" height=\"570\" src=\"https:\/\/www.ilcf.net\/wp-content\/uploads\/sites\/20\/2025\/07\/image-article-1-630x570.jpg\" class=\" wp-post-image\" alt=\"\" \/><\/span>\n                            <span class=\"wp-block-cross-content-more\">\n                                <span class=\"icon-more\"><\/span>\n                            <\/span>\n                        <\/a>\n                        <div class=\"wp-block-cross-content-excerpt\"><\/div>\n                    <\/div>\n                                                <div class=\"column small-12 medium-6 large-4 wp-block-cross-content-col\">\n                        <a class=\"wp-block-cross-content-top\" href=\"https:\/\/www.ilcf.net\/en\/our-programmes\/ilcfs-brochure\/\" title=\"ILCF's brochure\">\n                            <span class=\"wp-block-cross-content-name\">ILCF's brochure<\/span>\n                            <span class=\"wp-block-cross-content-image\"><img loading=\"lazy\" decoding=\"async\" width=\"630\" height=\"570\" src=\"https:\/\/www.ilcf.net\/wp-content\/uploads\/sites\/20\/2020\/02\/header-plaquette-ilcf-630x570.jpg\" class=\" wp-post-image\" alt=\"plaquette de l&#039;ILCF\" \/><\/span>\n                            <span class=\"wp-block-cross-content-more\">\n                                <span class=\"icon-more\"><\/span>\n                            <\/span>\n                        <\/a>\n                        <div class=\"wp-block-cross-content-excerpt\"><\/div>\n                    <\/div>\n                                    <\/div>\n    <\/div>","protected":false},"excerpt":{"rendered":"<p>The UCLy Health Center, made up of several services, supports students in their daily lives regarding all aspects of health \u2014 physical, mental, and [&hellip;]<\/p>\n","protected":false},"author":276,"featured_media":4034,"comment_status":"closed","ping_status":"closed","sticky":false,"template":"","format":"standard","meta":{"_acf_changed":false,"footnotes":""},"categories":[200],"tags":[],"class_list":["post-26289","post","type-post","status-publish","format-standard","has-post-thumbnail","hentry","category-campus-life"],"acf":[],"yoast_head":"<!-- This site is optimized with the Yoast SEO plugin v24.1 - https:\/\/yoast.com\/wordpress\/plugins\/seo\/ -->\n<title>The Health Center at every student&#039;s service - ILCF - Institut de Langue et de Culture Fran\u00e7aises<\/title>\n<meta name=\"robots\" content=\"index, follow, max-snippet:-1, max-image-preview:large, max-video-preview:-1\" \/>\n<link rel=\"canonical\" href=\"https:\/\/www.ilcf.net\/en\/the-health-center-at-every-students-service\/\" \/>\n<meta property=\"og:locale\" content=\"en_US\" \/>\n<meta property=\"og:type\" content=\"article\" \/>\n<meta property=\"og:title\" content=\"The Health Center at every student&#039;s service - ILCF - Institut de Langue et de Culture Fran\u00e7aises\" \/>\n<meta property=\"og:description\" content=\"The UCLy Health Center, made up of several services, supports students in their daily lives regarding all aspects of health \u2014 physical, mental, and [&hellip;]\" \/>\n<meta property=\"og:url\" content=\"https:\/\/www.ilcf.net\/en\/the-health-center-at-every-students-service\/\" \/>\n<meta property=\"og:site_name\" content=\"ILCF - Institut de Langue et de Culture Fran\u00e7aises\" \/>\n<meta property=\"article:published_time\" content=\"2025-10-15T13:07:48+00:00\" \/>\n<meta property=\"article:modified_time\" content=\"2025-10-29T08:22:20+00:00\" \/>\n<meta property=\"og:image\" content=\"https:\/\/www.ilcf.net\/wp-content\/uploads\/sites\/20\/2019\/11\/header-cours-mensuel-ete-ilcf.jpg\" \/>\n\t<meta property=\"og:image:width\" content=\"1920\" \/>\n\t<meta property=\"og:image:height\" content=\"575\" \/>\n\t<meta property=\"og:image:type\" content=\"image\/jpeg\" \/>\n<meta name=\"author\" content=\"jyazbek\" \/>\n<meta name=\"twitter:card\" content=\"summary_large_image\" \/>\n<meta name=\"twitter:label1\" content=\"Written by\" \/>\n\t<meta name=\"twitter:data1\" content=\"jyazbek\" \/>\n\t<meta name=\"twitter:label2\" content=\"Est. reading time\" \/>\n\t<meta name=\"twitter:data2\" content=\"4 minutes\" \/>\n<script type=\"application\/ld+json\" class=\"yoast-schema-graph\">{\"@context\":\"https:\/\/schema.org\",\"@graph\":[{\"@type\":\"Article\",\"@id\":\"https:\/\/www.ilcf.net\/en\/the-health-center-at-every-students-service\/#article\",\"isPartOf\":{\"@id\":\"https:\/\/www.ilcf.net\/en\/the-health-center-at-every-students-service\/\"},\"author\":{\"name\":\"jyazbek\",\"@id\":\"https:\/\/www.ilcf.net\/en\/#\/schema\/person\/c02337ac97c23abebe9c748dbde72995\"},\"headline\":\"The Health Center at every student's service\",\"datePublished\":\"2025-10-15T13:07:48+00:00\",\"dateModified\":\"2025-10-29T08:22:20+00:00\",\"mainEntityOfPage\":{\"@id\":\"https:\/\/www.ilcf.net\/en\/the-health-center-at-every-students-service\/\"},\"wordCount\":615,\"publisher\":{\"@id\":\"https:\/\/www.ilcf.net\/en\/#organization\"},\"image\":{\"@id\":\"https:\/\/www.ilcf.net\/en\/the-health-center-at-every-students-service\/#primaryimage\"},\"thumbnailUrl\":\"https:\/\/www.ilcf.net\/wp-content\/uploads\/sites\/20\/2019\/11\/header-cours-mensuel-ete-ilcf.jpg\",\"articleSection\":[\"Campus Life\"],\"inLanguage\":\"en-US\"},{\"@type\":\"WebPage\",\"@id\":\"https:\/\/www.ilcf.net\/en\/the-health-center-at-every-students-service\/\",\"url\":\"https:\/\/www.ilcf.net\/en\/the-health-center-at-every-students-service\/\",\"name\":\"The Health Center at every student's service - ILCF - Institut de Langue et de Culture Fran\u00e7aises\",\"isPartOf\":{\"@id\":\"https:\/\/www.ilcf.net\/en\/#website\"},\"primaryImageOfPage\":{\"@id\":\"https:\/\/www.ilcf.net\/en\/the-health-center-at-every-students-service\/#primaryimage\"},\"image\":{\"@id\":\"https:\/\/www.ilcf.net\/en\/the-health-center-at-every-students-service\/#primaryimage\"},\"thumbnailUrl\":\"https:\/\/www.ilcf.net\/wp-content\/uploads\/sites\/20\/2019\/11\/header-cours-mensuel-ete-ilcf.jpg\",\"datePublished\":\"2025-10-15T13:07:48+00:00\",\"dateModified\":\"2025-10-29T08:22:20+00:00\",\"breadcrumb\":{\"@id\":\"https:\/\/www.ilcf.net\/en\/the-health-center-at-every-students-service\/#breadcrumb\"},\"inLanguage\":\"en-US\",\"potentialAction\":[{\"@type\":\"ReadAction\",\"target\":[\"https:\/\/www.ilcf.net\/en\/the-health-center-at-every-students-service\/\"]}]},{\"@type\":\"ImageObject\",\"inLanguage\":\"en-US\",\"@id\":\"https:\/\/www.ilcf.net\/en\/the-health-center-at-every-students-service\/#primaryimage\",\"url\":\"https:\/\/www.ilcf.net\/wp-content\/uploads\/sites\/20\/2019\/11\/header-cours-mensuel-ete-ilcf.jpg\",\"contentUrl\":\"https:\/\/www.ilcf.net\/wp-content\/uploads\/sites\/20\/2019\/11\/header-cours-mensuel-ete-ilcf.jpg\",\"width\":1920,\"height\":575,\"caption\":\"Cours d'\u00e9t\u00e9 \u00e0 l'ILCF\"},{\"@type\":\"BreadcrumbList\",\"@id\":\"https:\/\/www.ilcf.net\/en\/the-health-center-at-every-students-service\/#breadcrumb\",\"itemListElement\":[{\"@type\":\"ListItem\",\"position\":1,\"name\":\"Accueil\",\"item\":\"https:\/\/www.ilcf.net\/en\/\"},{\"@type\":\"ListItem\",\"position\":2,\"name\":\"The Health Center at every student's service\"}]},{\"@type\":\"WebSite\",\"@id\":\"https:\/\/www.ilcf.net\/en\/#website\",\"url\":\"https:\/\/www.ilcf.net\/en\/\",\"name\":\"ILCF - Institut de Langue et de Culture Fran\u00e7aises\",\"description\":\"ILCF - Institut de Langue et de Culture Fran\u00e7aises\",\"publisher\":{\"@id\":\"https:\/\/www.ilcf.net\/en\/#organization\"},\"potentialAction\":[{\"@type\":\"SearchAction\",\"target\":{\"@type\":\"EntryPoint\",\"urlTemplate\":\"https:\/\/www.ilcf.net\/en\/?s={search_term_string}\"},\"query-input\":{\"@type\":\"PropertyValueSpecification\",\"valueRequired\":true,\"valueName\":\"search_term_string\"}}],\"inLanguage\":\"en-US\"},{\"@type\":\"Organization\",\"@id\":\"https:\/\/www.ilcf.net\/en\/#organization\",\"name\":\"ILCF - Institut de Langue et de Culture Fran\u00e7aises\",\"url\":\"https:\/\/www.ilcf.net\/en\/\",\"logo\":{\"@type\":\"ImageObject\",\"inLanguage\":\"en-US\",\"@id\":\"https:\/\/www.ilcf.net\/en\/#\/schema\/logo\/image\/\",\"url\":\"https:\/\/www.ilcf.net\/wp-content\/uploads\/sites\/20\/2019\/11\/ilcf_logo.svg\",\"contentUrl\":\"https:\/\/www.ilcf.net\/wp-content\/uploads\/sites\/20\/2019\/11\/ilcf_logo.svg\",\"caption\":\"ILCF - Institut de Langue et de Culture Fran\u00e7aises\"},\"image\":{\"@id\":\"https:\/\/www.ilcf.net\/en\/#\/schema\/logo\/image\/\"}},{\"@type\":\"Person\",\"@id\":\"https:\/\/www.ilcf.net\/en\/#\/schema\/person\/c02337ac97c23abebe9c748dbde72995\",\"name\":\"jyazbek\",\"url\":\"https:\/\/www.ilcf.net\/en\/author\/jyazbek\/\"}]}<\/script>\n<!-- \/ Yoast SEO plugin. -->","yoast_head_json":{"title":"The Health Center at every student's service - ILCF - Institut de Langue et de Culture Fran\u00e7aises","robots":{"index":"index","follow":"follow","max-snippet":"max-snippet:-1","max-image-preview":"max-image-preview:large","max-video-preview":"max-video-preview:-1"},"canonical":"https:\/\/www.ilcf.net\/en\/the-health-center-at-every-students-service\/","og_locale":"en_US","og_type":"article","og_title":"The Health Center at every student's service - ILCF - Institut de Langue et de Culture Fran\u00e7aises","og_description":"The UCLy Health Center, made up of several services, supports students in their daily lives regarding all aspects of health \u2014 physical, mental, and [&hellip;]","og_url":"https:\/\/www.ilcf.net\/en\/the-health-center-at-every-students-service\/","og_site_name":"ILCF - Institut de Langue et de Culture Fran\u00e7aises","article_published_time":"2025-10-15T13:07:48+00:00","article_modified_time":"2025-10-29T08:22:20+00:00","og_image":[{"width":1920,"height":575,"url":"https:\/\/www.ilcf.net\/wp-content\/uploads\/sites\/20\/2019\/11\/header-cours-mensuel-ete-ilcf.jpg","type":"image\/jpeg"}],"author":"jyazbek","twitter_card":"summary_large_image","twitter_misc":{"Written by":"jyazbek","Est. reading time":"4 minutes"},"schema":{"@context":"https:\/\/schema.org","@graph":[{"@type":"Article","@id":"https:\/\/www.ilcf.net\/en\/the-health-center-at-every-students-service\/#article","isPartOf":{"@id":"https:\/\/www.ilcf.net\/en\/the-health-center-at-every-students-service\/"},"author":{"name":"jyazbek","@id":"https:\/\/www.ilcf.net\/en\/#\/schema\/person\/c02337ac97c23abebe9c748dbde72995"},"headline":"The Health Center at every student's service","datePublished":"2025-10-15T13:07:48+00:00","dateModified":"2025-10-29T08:22:20+00:00","mainEntityOfPage":{"@id":"https:\/\/www.ilcf.net\/en\/the-health-center-at-every-students-service\/"},"wordCount":615,"publisher":{"@id":"https:\/\/www.ilcf.net\/en\/#organization"},"image":{"@id":"https:\/\/www.ilcf.net\/en\/the-health-center-at-every-students-service\/#primaryimage"},"thumbnailUrl":"https:\/\/www.ilcf.net\/wp-content\/uploads\/sites\/20\/2019\/11\/header-cours-mensuel-ete-ilcf.jpg","articleSection":["Campus Life"],"inLanguage":"en-US"},{"@type":"WebPage","@id":"https:\/\/www.ilcf.net\/en\/the-health-center-at-every-students-service\/","url":"https:\/\/www.ilcf.net\/en\/the-health-center-at-every-students-service\/","name":"The Health Center at every student's service - ILCF - Institut de Langue et de Culture Fran\u00e7aises","isPartOf":{"@id":"https:\/\/www.ilcf.net\/en\/#website"},"primaryImageOfPage":{"@id":"https:\/\/www.ilcf.net\/en\/the-health-center-at-every-students-service\/#primaryimage"},"image":{"@id":"https:\/\/www.ilcf.net\/en\/the-health-center-at-every-students-service\/#primaryimage"},"thumbnailUrl":"https:\/\/www.ilcf.net\/wp-content\/uploads\/sites\/20\/2019\/11\/header-cours-mensuel-ete-ilcf.jpg","datePublished":"2025-10-15T13:07:48+00:00","dateModified":"2025-10-29T08:22:20+00:00","breadcrumb":{"@id":"https:\/\/www.ilcf.net\/en\/the-health-center-at-every-students-service\/#breadcrumb"},"inLanguage":"en-US","potentialAction":[{"@type":"ReadAction","target":["https:\/\/www.ilcf.net\/en\/the-health-center-at-every-students-service\/"]}]},{"@type":"ImageObject","inLanguage":"en-US","@id":"https:\/\/www.ilcf.net\/en\/the-health-center-at-every-students-service\/#primaryimage","url":"https:\/\/www.ilcf.net\/wp-content\/uploads\/sites\/20\/2019\/11\/header-cours-mensuel-ete-ilcf.jpg","contentUrl":"https:\/\/www.ilcf.net\/wp-content\/uploads\/sites\/20\/2019\/11\/header-cours-mensuel-ete-ilcf.jpg","width":1920,"height":575,"caption":"Cours d'\u00e9t\u00e9 \u00e0 l'ILCF"},{"@type":"BreadcrumbList","@id":"https:\/\/www.ilcf.net\/en\/the-health-center-at-every-students-service\/#breadcrumb","itemListElement":[{"@type":"ListItem","position":1,"name":"Accueil","item":"https:\/\/www.ilcf.net\/en\/"},{"@type":"ListItem","position":2,"name":"The Health Center at every student's service"}]},{"@type":"WebSite","@id":"https:\/\/www.ilcf.net\/en\/#website","url":"https:\/\/www.ilcf.net\/en\/","name":"ILCF - Institut de Langue et de Culture Fran\u00e7aises","description":"ILCF - Institut de Langue et de Culture Fran\u00e7aises","publisher":{"@id":"https:\/\/www.ilcf.net\/en\/#organization"},"potentialAction":[{"@type":"SearchAction","target":{"@type":"EntryPoint","urlTemplate":"https:\/\/www.ilcf.net\/en\/?s={search_term_string}"},"query-input":{"@type":"PropertyValueSpecification","valueRequired":true,"valueName":"search_term_string"}}],"inLanguage":"en-US"},{"@type":"Organization","@id":"https:\/\/www.ilcf.net\/en\/#organization","name":"ILCF - Institut de Langue et de Culture Fran\u00e7aises","url":"https:\/\/www.ilcf.net\/en\/","logo":{"@type":"ImageObject","inLanguage":"en-US","@id":"https:\/\/www.ilcf.net\/en\/#\/schema\/logo\/image\/","url":"https:\/\/www.ilcf.net\/wp-content\/uploads\/sites\/20\/2019\/11\/ilcf_logo.svg","contentUrl":"https:\/\/www.ilcf.net\/wp-content\/uploads\/sites\/20\/2019\/11\/ilcf_logo.svg","caption":"ILCF - Institut de Langue et de Culture Fran\u00e7aises"},"image":{"@id":"https:\/\/www.ilcf.net\/en\/#\/schema\/logo\/image\/"}},{"@type":"Person","@id":"https:\/\/www.ilcf.net\/en\/#\/schema\/person\/c02337ac97c23abebe9c748dbde72995","name":"jyazbek","url":"https:\/\/www.ilcf.net\/en\/author\/jyazbek\/"}]}},"_links":{"self":[{"href":"https:\/\/www.ilcf.net\/en\/wp-json\/wp\/v2\/posts\/26289","targetHints":{"allow":["GET"]}}],"collection":[{"href":"https:\/\/www.ilcf.net\/en\/wp-json\/wp\/v2\/posts"}],"about":[{"href":"https:\/\/www.ilcf.net\/en\/wp-json\/wp\/v2\/types\/post"}],"author":[{"embeddable":true,"href":"https:\/\/www.ilcf.net\/en\/wp-json\/wp\/v2\/users\/276"}],"replies":[{"embeddable":true,"href":"https:\/\/www.ilcf.net\/en\/wp-json\/wp\/v2\/comments?post=26289"}],"version-history":[{"count":3,"href":"https:\/\/www.ilcf.net\/en\/wp-json\/wp\/v2\/posts\/26289\/revisions"}],"predecessor-version":[{"id":26315,"href":"https:\/\/www.ilcf.net\/en\/wp-json\/wp\/v2\/posts\/26289\/revisions\/26315"}],"wp:featuredmedia":[{"embeddable":true,"href":"https:\/\/www.ilcf.net\/en\/wp-json\/wp\/v2\/media\/4034"}],"wp:attachment":[{"href":"https:\/\/www.ilcf.net\/en\/wp-json\/wp\/v2\/media?parent=26289"}],"wp:term":[{"taxonomy":"category","embeddable":true,"href":"https:\/\/www.ilcf.net\/en\/wp-json\/wp\/v2\/categories?post=26289"},{"taxonomy":"post_tag","embeddable":true,"href":"https:\/\/www.ilcf.net\/en\/wp-json\/wp\/v2\/tags?post=26289"}],"curies":[{"name":"wp","href":"https:\/\/api.w.org\/{rel}","templated":true}]}}