{"id":22659,"date":"2023-10-11T11:15:14","date_gmt":"2023-10-11T09:15:14","guid":{"rendered":"https:\/\/www.ilcf.net\/lilcf-a-luniversite-de-perouse\/"},"modified":"2023-10-18T16:53:52","modified_gmt":"2023-10-18T14:53:52","slug":"erasmus-ilcf-perugia-university","status":"publish","type":"post","link":"https:\/\/www.ilcf.net\/en\/erasmus-ilcf-perugia-university\/","title":{"rendered":"ERASMUS + : an ILCF's teacher at the University of Perugia"},"content":{"rendered":"<p>As part of the Erasmus + Mobility program, Florence Vacher, a teacher at the ILCF, went to Perugia (\"Perugia\" in French) in Italy from September 3 to 7, 2023. The aim of the mission was to teach a few hours of French for Specific Purposes to doctoral students in the Philosophy Department of the University of Perugia.<\/p><p>These hours enabled the students to:<\/p><ul class=\"wp-block-list\"><li>Gain a better understanding of the place of philosophy in France<\/li>\n\n<li>Reinforce their \"French philo\" vocabulary<\/li>\n\n<li>Strengthen their cultural knowledge of French philosophers<\/li>\n\n<li>Evaluate their written and oral French language skills<\/li>\n\n<li>Practice written and oral presentation skills, with a view to studying philosophy in France.<\/li><\/ul><p>Based on authentic documents (videos and newspaper articles), the first objective was to compare the place of philosophy in teaching in France and Italy (understand its origins, reasons and implications in French society, give your opinion).<\/p><p>The creation of playful teaching aids helped reinforce linguistic and cultural knowledge, in particular of French philosophers (activities on major philosophical notions, quotations from French philosophers, and humorous illustrations).<\/p><p>From an action-oriented perspective, as the students would be continuing their studies in France, a final sequence helped them practise the written and oral presentation of their research work (presentation of their background and work, projects and motivations), in terms of both language and methodology. In a pragmatic, individual and collective way, each presentation (written and oral in interaction) gave rise to a diagnostic evaluation, followed by individual and collective remediation.<\/p><p>These initial contacts between the ILCF and the Faculty of Philosophy at the University of Perugia are part of a long and fruitful cooperation between the two universities. In view of the excellent initiatives undertaken during this mobility program, further exchanges between the two training units are expected in the near future.<\/p><p><\/p><div class=\"wp-block-cross-content js-fade-scroll\">\n    <p class=\"wp-block-cross-content-title\">Find out more<\/p>\n            <div class=\"row wp-block-cross-content-row\">\n                                <div class=\"column small-12 medium-6 large-4 wp-block-cross-content-col\">\n                        <a class=\"wp-block-cross-content-top\" href=\"https:\/\/www.ilcf.net\/le-flerire-dico-du-quotidien-a-lilcf\/\" title=\"Le FLERIRE, dico du quotidien \u00e0 l'ILCF\">\n                            <span class=\"wp-block-cross-content-name\">Le FLERIRE, dico du quotidien \u00e0 l'ILCF<\/span>\n                            <span class=\"wp-block-cross-content-image\"><img loading=\"lazy\" decoding=\"async\" width=\"623\" height=\"570\" src=\"https:\/\/www.ilcf.net\/wp-content\/uploads\/sites\/20\/2023\/06\/recueil-flerire-couverture-623x570.jpg\" class=\" wp-post-image\" alt=\"recueil FLERIRE couverture\" \/><\/span>\n                            <span class=\"wp-block-cross-content-more\">\n                                <span class=\"icon-more\"><\/span>\n                            <\/span>\n                        <\/a>\n                        <div class=\"wp-block-cross-content-excerpt\"><p>R\u00e9sultat d&#8217;un projet entre \u00e9tudiants, professeurs et personnel de l&#8217;ILCF, le FLERIRE est constitu\u00e9 de 100 n\u00e9ologismes pour rire du quotidien.<\/p>\n<\/div>\n                    <\/div>\n                                                <div class=\"column small-12 medium-6 large-4 wp-block-cross-content-col\">\n                        <a class=\"wp-block-cross-content-top\" href=\"https:\/\/www.ilcf.net\/lilcf-fete-la-francophonie\/\" title=\"<strong>L\u2019ILCF f\u00eate la Francophonie<\/strong>\">\n                            <span class=\"wp-block-cross-content-name\"><strong>L\u2019ILCF f\u00eate la Francophonie<\/strong><\/span>\n                            <span class=\"wp-block-cross-content-image\"><img loading=\"lazy\" decoding=\"async\" width=\"630\" height=\"570\" src=\"https:\/\/www.ilcf.net\/wp-content\/uploads\/sites\/20\/2023\/03\/affiche-francophonie-numerique-low-res-630x570.jpg\" class=\" wp-post-image\" alt=\"affiche Francophonie\" \/><\/span>\n                            <span class=\"wp-block-cross-content-more\">\n                                <span class=\"icon-more\"><\/span>\n                            <\/span>\n                        <\/a>\n                        <div class=\"wp-block-cross-content-excerpt\"><\/div>\n                    <\/div>\n                                                <div class=\"column small-12 medium-6 large-4 wp-block-cross-content-col\">\n                        <a class=\"wp-block-cross-content-top\" href=\"https:\/\/www.ilcf.net\/nos-programmes\/brochure-de-lilcf\/\" title=\"Brochure de l'ILCF\">\n                            <span class=\"wp-block-cross-content-name\">Brochure de l'ILCF<\/span>\n                            <span class=\"wp-block-cross-content-image\"><img loading=\"lazy\" decoding=\"async\" width=\"630\" height=\"570\" src=\"https:\/\/www.ilcf.net\/wp-content\/uploads\/sites\/20\/2020\/02\/header-plaquette-ilcf-630x570.jpg\" class=\" wp-post-image\" alt=\"plaquette de l&#039;ILCF\" \/><\/span>\n                            <span class=\"wp-block-cross-content-more\">\n                                <span class=\"icon-more\"><\/span>\n                            <\/span>\n                        <\/a>\n                        <div class=\"wp-block-cross-content-excerpt\"><\/div>\n                    <\/div>\n                                    <\/div>\n    <\/div>","protected":false},"excerpt":{"rendered":"<p>As part of the Erasmus + Mobility program, Florence Vacher, a teacher at the ILCF, went to Perugia (&#8220;Perugia&#8221; in French) in Italy from [&hellip;]<\/p>\n","protected":false},"author":227,"featured_media":22578,"comment_status":"closed","ping_status":"closed","sticky":false,"template":"","format":"standard","meta":{"_acf_changed":false,"footnotes":""},"categories":[60],"tags":[],"class_list":["post-22659","post","type-post","status-publish","format-standard","has-post-thumbnail","hentry","category-uncategorized"],"acf":[],"yoast_head":"<!-- This site is optimized with the Yoast SEO plugin v24.1 - https:\/\/yoast.com\/wordpress\/plugins\/seo\/ -->\n<title>ERASMUS + : an ILCF&#039;s teacher at the University of Perugia - ILCF - Institut de Langue et de Culture Fran\u00e7aises<\/title>\n<meta name=\"robots\" content=\"index, follow, max-snippet:-1, max-image-preview:large, max-video-preview:-1\" \/>\n<link rel=\"canonical\" href=\"https:\/\/www.ilcf.net\/en\/erasmus-ilcf-perugia-university\/\" \/>\n<meta property=\"og:locale\" content=\"en_US\" \/>\n<meta property=\"og:type\" content=\"article\" \/>\n<meta property=\"og:title\" content=\"ERASMUS + : an ILCF&#039;s teacher at the University of Perugia - ILCF - Institut de Langue et de Culture Fran\u00e7aises\" \/>\n<meta property=\"og:description\" content=\"As part of the Erasmus + Mobility program, Florence Vacher, a teacher at the ILCF, went to Perugia (&quot;Perugia&quot; in French) in Italy from [&hellip;]\" \/>\n<meta property=\"og:url\" content=\"https:\/\/www.ilcf.net\/en\/erasmus-ilcf-perugia-university\/\" \/>\n<meta property=\"og:site_name\" content=\"ILCF - Institut de Langue et de Culture Fran\u00e7aises\" \/>\n<meta property=\"article:published_time\" content=\"2023-10-11T09:15:14+00:00\" \/>\n<meta property=\"article:modified_time\" content=\"2023-10-18T14:53:52+00:00\" \/>\n<meta property=\"og:image\" content=\"https:\/\/www.ilcf.net\/wp-content\/uploads\/sites\/20\/2023\/10\/perouse-italie-rue-aqueduc-medieval-002-1000x576.jpg\" \/>\n\t<meta property=\"og:image:width\" content=\"1000\" \/>\n\t<meta property=\"og:image:height\" content=\"667\" \/>\n\t<meta property=\"og:image:type\" content=\"image\/jpeg\" \/>\n<meta name=\"author\" content=\"vcamus\" \/>\n<meta name=\"twitter:card\" content=\"summary_large_image\" \/>\n<meta name=\"twitter:label1\" content=\"Written by\" \/>\n\t<meta name=\"twitter:data1\" content=\"vcamus\" \/>\n\t<meta name=\"twitter:label2\" content=\"Est. reading time\" \/>\n\t<meta name=\"twitter:data2\" content=\"2 minutes\" \/>\n<script type=\"application\/ld+json\" class=\"yoast-schema-graph\">{\"@context\":\"https:\/\/schema.org\",\"@graph\":[{\"@type\":\"Article\",\"@id\":\"https:\/\/www.ilcf.net\/en\/erasmus-ilcf-perugia-university\/#article\",\"isPartOf\":{\"@id\":\"https:\/\/www.ilcf.net\/en\/erasmus-ilcf-perugia-university\/\"},\"author\":{\"name\":\"vcamus\",\"@id\":\"https:\/\/www.ilcf.net\/en\/#\/schema\/person\/6ea46ae49cd192b05de728b287edf2c4\"},\"headline\":\"ERASMUS + : an ILCF's teacher at the University of Perugia\",\"datePublished\":\"2023-10-11T09:15:14+00:00\",\"dateModified\":\"2023-10-18T14:53:52+00:00\",\"mainEntityOfPage\":{\"@id\":\"https:\/\/www.ilcf.net\/en\/erasmus-ilcf-perugia-university\/\"},\"wordCount\":302,\"publisher\":{\"@id\":\"https:\/\/www.ilcf.net\/en\/#organization\"},\"image\":{\"@id\":\"https:\/\/www.ilcf.net\/en\/erasmus-ilcf-perugia-university\/#primaryimage\"},\"thumbnailUrl\":\"https:\/\/www.ilcf.net\/wp-content\/uploads\/sites\/20\/2023\/10\/perouse-italie-rue-aqueduc-medieval-002-1000x576.jpg\",\"inLanguage\":\"en-US\"},{\"@type\":\"WebPage\",\"@id\":\"https:\/\/www.ilcf.net\/en\/erasmus-ilcf-perugia-university\/\",\"url\":\"https:\/\/www.ilcf.net\/en\/erasmus-ilcf-perugia-university\/\",\"name\":\"ERASMUS + : an ILCF's teacher at the University of Perugia - ILCF - Institut de Langue et de Culture Fran\u00e7aises\",\"isPartOf\":{\"@id\":\"https:\/\/www.ilcf.net\/en\/#website\"},\"primaryImageOfPage\":{\"@id\":\"https:\/\/www.ilcf.net\/en\/erasmus-ilcf-perugia-university\/#primaryimage\"},\"image\":{\"@id\":\"https:\/\/www.ilcf.net\/en\/erasmus-ilcf-perugia-university\/#primaryimage\"},\"thumbnailUrl\":\"https:\/\/www.ilcf.net\/wp-content\/uploads\/sites\/20\/2023\/10\/perouse-italie-rue-aqueduc-medieval-002-1000x576.jpg\",\"datePublished\":\"2023-10-11T09:15:14+00:00\",\"dateModified\":\"2023-10-18T14:53:52+00:00\",\"breadcrumb\":{\"@id\":\"https:\/\/www.ilcf.net\/en\/erasmus-ilcf-perugia-university\/#breadcrumb\"},\"inLanguage\":\"en-US\",\"potentialAction\":[{\"@type\":\"ReadAction\",\"target\":[\"https:\/\/www.ilcf.net\/en\/erasmus-ilcf-perugia-university\/\"]}]},{\"@type\":\"ImageObject\",\"inLanguage\":\"en-US\",\"@id\":\"https:\/\/www.ilcf.net\/en\/erasmus-ilcf-perugia-university\/#primaryimage\",\"url\":\"https:\/\/www.ilcf.net\/wp-content\/uploads\/sites\/20\/2023\/10\/perouse-italie-rue-aqueduc-medieval-002-1000x576.jpg\",\"contentUrl\":\"https:\/\/www.ilcf.net\/wp-content\/uploads\/sites\/20\/2023\/10\/perouse-italie-rue-aqueduc-medieval-002-1000x576.jpg\",\"width\":1000,\"height\":667},{\"@type\":\"BreadcrumbList\",\"@id\":\"https:\/\/www.ilcf.net\/en\/erasmus-ilcf-perugia-university\/#breadcrumb\",\"itemListElement\":[{\"@type\":\"ListItem\",\"position\":1,\"name\":\"Accueil\",\"item\":\"https:\/\/www.ilcf.net\/en\/\"},{\"@type\":\"ListItem\",\"position\":2,\"name\":\"ERASMUS + : an ILCF's teacher at the University of Perugia\"}]},{\"@type\":\"WebSite\",\"@id\":\"https:\/\/www.ilcf.net\/en\/#website\",\"url\":\"https:\/\/www.ilcf.net\/en\/\",\"name\":\"ILCF - Institut de Langue et de Culture Fran\u00e7aises\",\"description\":\"ILCF - Institut de Langue et de Culture Fran\u00e7aises\",\"publisher\":{\"@id\":\"https:\/\/www.ilcf.net\/en\/#organization\"},\"potentialAction\":[{\"@type\":\"SearchAction\",\"target\":{\"@type\":\"EntryPoint\",\"urlTemplate\":\"https:\/\/www.ilcf.net\/en\/?s={search_term_string}\"},\"query-input\":{\"@type\":\"PropertyValueSpecification\",\"valueRequired\":true,\"valueName\":\"search_term_string\"}}],\"inLanguage\":\"en-US\"},{\"@type\":\"Organization\",\"@id\":\"https:\/\/www.ilcf.net\/en\/#organization\",\"name\":\"ILCF - Institut de Langue et de Culture Fran\u00e7aises\",\"url\":\"https:\/\/www.ilcf.net\/en\/\",\"logo\":{\"@type\":\"ImageObject\",\"inLanguage\":\"en-US\",\"@id\":\"https:\/\/www.ilcf.net\/en\/#\/schema\/logo\/image\/\",\"url\":\"https:\/\/www.ilcf.net\/wp-content\/uploads\/sites\/20\/2019\/11\/ilcf_logo.svg\",\"contentUrl\":\"https:\/\/www.ilcf.net\/wp-content\/uploads\/sites\/20\/2019\/11\/ilcf_logo.svg\",\"caption\":\"ILCF - Institut de Langue et de Culture Fran\u00e7aises\"},\"image\":{\"@id\":\"https:\/\/www.ilcf.net\/en\/#\/schema\/logo\/image\/\"}},{\"@type\":\"Person\",\"@id\":\"https:\/\/www.ilcf.net\/en\/#\/schema\/person\/6ea46ae49cd192b05de728b287edf2c4\",\"name\":\"vcamus\",\"url\":\"https:\/\/www.ilcf.net\/en\/author\/vcamus\/\"}]}<\/script>\n<!-- \/ Yoast SEO plugin. -->","yoast_head_json":{"title":"ERASMUS + : an ILCF's teacher at the University of Perugia - ILCF - Institut de Langue et de Culture Fran\u00e7aises","robots":{"index":"index","follow":"follow","max-snippet":"max-snippet:-1","max-image-preview":"max-image-preview:large","max-video-preview":"max-video-preview:-1"},"canonical":"https:\/\/www.ilcf.net\/en\/erasmus-ilcf-perugia-university\/","og_locale":"en_US","og_type":"article","og_title":"ERASMUS + : an ILCF's teacher at the University of Perugia - ILCF - Institut de Langue et de Culture Fran\u00e7aises","og_description":"As part of the Erasmus + Mobility program, Florence Vacher, a teacher at the ILCF, went to Perugia (\"Perugia\" in French) in Italy from [&hellip;]","og_url":"https:\/\/www.ilcf.net\/en\/erasmus-ilcf-perugia-university\/","og_site_name":"ILCF - Institut de Langue et de Culture Fran\u00e7aises","article_published_time":"2023-10-11T09:15:14+00:00","article_modified_time":"2023-10-18T14:53:52+00:00","og_image":[{"width":1000,"height":667,"url":"https:\/\/www.ilcf.net\/wp-content\/uploads\/sites\/20\/2023\/10\/perouse-italie-rue-aqueduc-medieval-002-1000x576.jpg","type":"image\/jpeg"}],"author":"vcamus","twitter_card":"summary_large_image","twitter_misc":{"Written by":"vcamus","Est. reading time":"2 minutes"},"schema":{"@context":"https:\/\/schema.org","@graph":[{"@type":"Article","@id":"https:\/\/www.ilcf.net\/en\/erasmus-ilcf-perugia-university\/#article","isPartOf":{"@id":"https:\/\/www.ilcf.net\/en\/erasmus-ilcf-perugia-university\/"},"author":{"name":"vcamus","@id":"https:\/\/www.ilcf.net\/en\/#\/schema\/person\/6ea46ae49cd192b05de728b287edf2c4"},"headline":"ERASMUS + : an ILCF's teacher at the University of Perugia","datePublished":"2023-10-11T09:15:14+00:00","dateModified":"2023-10-18T14:53:52+00:00","mainEntityOfPage":{"@id":"https:\/\/www.ilcf.net\/en\/erasmus-ilcf-perugia-university\/"},"wordCount":302,"publisher":{"@id":"https:\/\/www.ilcf.net\/en\/#organization"},"image":{"@id":"https:\/\/www.ilcf.net\/en\/erasmus-ilcf-perugia-university\/#primaryimage"},"thumbnailUrl":"https:\/\/www.ilcf.net\/wp-content\/uploads\/sites\/20\/2023\/10\/perouse-italie-rue-aqueduc-medieval-002-1000x576.jpg","inLanguage":"en-US"},{"@type":"WebPage","@id":"https:\/\/www.ilcf.net\/en\/erasmus-ilcf-perugia-university\/","url":"https:\/\/www.ilcf.net\/en\/erasmus-ilcf-perugia-university\/","name":"ERASMUS + : an ILCF's teacher at the University of Perugia - ILCF - Institut de Langue et de Culture Fran\u00e7aises","isPartOf":{"@id":"https:\/\/www.ilcf.net\/en\/#website"},"primaryImageOfPage":{"@id":"https:\/\/www.ilcf.net\/en\/erasmus-ilcf-perugia-university\/#primaryimage"},"image":{"@id":"https:\/\/www.ilcf.net\/en\/erasmus-ilcf-perugia-university\/#primaryimage"},"thumbnailUrl":"https:\/\/www.ilcf.net\/wp-content\/uploads\/sites\/20\/2023\/10\/perouse-italie-rue-aqueduc-medieval-002-1000x576.jpg","datePublished":"2023-10-11T09:15:14+00:00","dateModified":"2023-10-18T14:53:52+00:00","breadcrumb":{"@id":"https:\/\/www.ilcf.net\/en\/erasmus-ilcf-perugia-university\/#breadcrumb"},"inLanguage":"en-US","potentialAction":[{"@type":"ReadAction","target":["https:\/\/www.ilcf.net\/en\/erasmus-ilcf-perugia-university\/"]}]},{"@type":"ImageObject","inLanguage":"en-US","@id":"https:\/\/www.ilcf.net\/en\/erasmus-ilcf-perugia-university\/#primaryimage","url":"https:\/\/www.ilcf.net\/wp-content\/uploads\/sites\/20\/2023\/10\/perouse-italie-rue-aqueduc-medieval-002-1000x576.jpg","contentUrl":"https:\/\/www.ilcf.net\/wp-content\/uploads\/sites\/20\/2023\/10\/perouse-italie-rue-aqueduc-medieval-002-1000x576.jpg","width":1000,"height":667},{"@type":"BreadcrumbList","@id":"https:\/\/www.ilcf.net\/en\/erasmus-ilcf-perugia-university\/#breadcrumb","itemListElement":[{"@type":"ListItem","position":1,"name":"Accueil","item":"https:\/\/www.ilcf.net\/en\/"},{"@type":"ListItem","position":2,"name":"ERASMUS + : an ILCF's teacher at the University of Perugia"}]},{"@type":"WebSite","@id":"https:\/\/www.ilcf.net\/en\/#website","url":"https:\/\/www.ilcf.net\/en\/","name":"ILCF - Institut de Langue et de Culture Fran\u00e7aises","description":"ILCF - Institut de Langue et de Culture Fran\u00e7aises","publisher":{"@id":"https:\/\/www.ilcf.net\/en\/#organization"},"potentialAction":[{"@type":"SearchAction","target":{"@type":"EntryPoint","urlTemplate":"https:\/\/www.ilcf.net\/en\/?s={search_term_string}"},"query-input":{"@type":"PropertyValueSpecification","valueRequired":true,"valueName":"search_term_string"}}],"inLanguage":"en-US"},{"@type":"Organization","@id":"https:\/\/www.ilcf.net\/en\/#organization","name":"ILCF - Institut de Langue et de Culture Fran\u00e7aises","url":"https:\/\/www.ilcf.net\/en\/","logo":{"@type":"ImageObject","inLanguage":"en-US","@id":"https:\/\/www.ilcf.net\/en\/#\/schema\/logo\/image\/","url":"https:\/\/www.ilcf.net\/wp-content\/uploads\/sites\/20\/2019\/11\/ilcf_logo.svg","contentUrl":"https:\/\/www.ilcf.net\/wp-content\/uploads\/sites\/20\/2019\/11\/ilcf_logo.svg","caption":"ILCF - Institut de Langue et de Culture Fran\u00e7aises"},"image":{"@id":"https:\/\/www.ilcf.net\/en\/#\/schema\/logo\/image\/"}},{"@type":"Person","@id":"https:\/\/www.ilcf.net\/en\/#\/schema\/person\/6ea46ae49cd192b05de728b287edf2c4","name":"vcamus","url":"https:\/\/www.ilcf.net\/en\/author\/vcamus\/"}]}},"_links":{"self":[{"href":"https:\/\/www.ilcf.net\/en\/wp-json\/wp\/v2\/posts\/22659","targetHints":{"allow":["GET"]}}],"collection":[{"href":"https:\/\/www.ilcf.net\/en\/wp-json\/wp\/v2\/posts"}],"about":[{"href":"https:\/\/www.ilcf.net\/en\/wp-json\/wp\/v2\/types\/post"}],"author":[{"embeddable":true,"href":"https:\/\/www.ilcf.net\/en\/wp-json\/wp\/v2\/users\/227"}],"replies":[{"embeddable":true,"href":"https:\/\/www.ilcf.net\/en\/wp-json\/wp\/v2\/comments?post=22659"}],"version-history":[{"count":5,"href":"https:\/\/www.ilcf.net\/en\/wp-json\/wp\/v2\/posts\/22659\/revisions"}],"predecessor-version":[{"id":22668,"href":"https:\/\/www.ilcf.net\/en\/wp-json\/wp\/v2\/posts\/22659\/revisions\/22668"}],"wp:featuredmedia":[{"embeddable":true,"href":"https:\/\/www.ilcf.net\/en\/wp-json\/wp\/v2\/media\/22578"}],"wp:attachment":[{"href":"https:\/\/www.ilcf.net\/en\/wp-json\/wp\/v2\/media?parent=22659"}],"wp:term":[{"taxonomy":"category","embeddable":true,"href":"https:\/\/www.ilcf.net\/en\/wp-json\/wp\/v2\/categories?post=22659"},{"taxonomy":"post_tag","embeddable":true,"href":"https:\/\/www.ilcf.net\/en\/wp-json\/wp\/v2\/tags?post=22659"}],"curies":[{"name":"wp","href":"https:\/\/api.w.org\/{rel}","templated":true}]}}